{"id":139672,"date":"2022-01-28T09:23:18","date_gmt":"2022-01-28T14:23:18","guid":{"rendered":"https:\/\/linitiative.ca\/International\/reouverture-des-frontieres-ram-reprend-ses-vols-reguliers-internationaux-des-le-7-fevrier\/"},"modified":"2022-01-28T09:23:18","modified_gmt":"2022-01-28T14:23:18","slug":"reouverture-des-frontieres-ram-reprend-ses-vols-reguliers-internationaux-des-le-7-fevrier","status":"publish","type":"post","link":"https:\/\/linitiative.ca\/International\/reouverture-des-frontieres-ram-reprend-ses-vols-reguliers-internationaux-des-le-7-fevrier\/","title":{"rendered":"R\u00e9ouverture des fronti\u00e8res. RAM reprend ses vols r\u00e9guliers internationaux d\u00e8s le 7 f\u00e9vrier"},"content":{"rendered":"<div><img decoding=\"async\" width=\"746\" height=\"380\" src=\"https:\/\/linitiative.ca\/International\/wp-content\/uploads\/sites\/23\/2022\/01\/ramm.jpg\" class=\"attachment-post-thumbnail size-post-thumbnail wp-post-image\" alt=\"\" loading=\"lazy\" srcset=\"https:\/\/linitiative.ca\/International\/wp-content\/uploads\/sites\/23\/2022\/01\/ramm.jpg 746w, https:\/\/www.challenge.ma\/wp-content\/uploads\/2021\/10\/ramm-300x153.jpg 300w, https:\/\/www.challenge.ma\/wp-content\/uploads\/2021\/10\/ramm-360x183.jpg 360w\" sizes=\"auto, (max-width: 746px) 100vw, 746px\" itemprop=\"image\">Royal Air Maroc (RAM) a annonc\u00e9, le 28 janvier, la reprise de ses vols r\u00e9guliers internationaux \u00a0au d\u00e9part et \u00e0 destination du Maroc \u00e0 partir du lundi 07 f\u00e9vrier 2022. Cette d\u00e9cision fait suite \u00e0 la r\u00e9ouverture des fronti\u00e8res a\u00e9riennes du royaume (\u00e0 la m\u00eame date) r\u00e9cemment annonc\u00e9e par le<\/div>\n<p>Auteur: challenge<br \/>\n<a href=\"https:\/\/www.challenge.ma\/reouverture-des-frontieres-ram-reprend-ses-vols-reguliers-internationaux-des-le-7-fevrier-231590\/\">Cliquez ici pour lire l&rsquo;article depuis sa source.<\/a><\/p>\n","protected":false},"excerpt":{"rendered":"<p>Royal Air Maroc (RAM) a annonc\u00e9, le 28 janvier, la reprise de ses vols r\u00e9guliers internationaux \u00a0au d\u00e9part et \u00e0 destination du Maroc \u00e0 partir du lundi 07 f\u00e9vrier 2022. Cette d\u00e9cision fait suite \u00e0 la r\u00e9ouverture des fronti\u00e8res a\u00e9riennes du royaume (\u00e0 la m\u00eame date) r\u00e9cemment annonc\u00e9e par le Auteur: challenge Cliquez ici pour [&hellip;]<\/p>\n","protected":false},"author":1787,"featured_media":0,"comment_status":"closed","ping_status":"closed","sticky":false,"template":"","format":"standard","meta":{"fifu_image_url":"https:\/\/www.challenge.ma\/wp-content\/uploads\/2021\/10\/ramm.jpg","fifu_image_alt":"R\u00e9ouverture des fronti\u00e8res. RAM reprend ses vols r\u00e9guliers internationaux d\u00e8s le 7 f\u00e9vrier","footnotes":""},"categories":[78,54],"tags":[],"class_list":["post-139672","post","type-post","status-publish","format-standard","hentry","category-economie","category-maroc"],"_links":{"self":[{"href":"https:\/\/linitiative.ca\/International\/wp-json\/wp\/v2\/posts\/139672","targetHints":{"allow":["GET"]}}],"collection":[{"href":"https:\/\/linitiative.ca\/International\/wp-json\/wp\/v2\/posts"}],"about":[{"href":"https:\/\/linitiative.ca\/International\/wp-json\/wp\/v2\/types\/post"}],"author":[{"embeddable":true,"href":"https:\/\/linitiative.ca\/International\/wp-json\/wp\/v2\/users\/1787"}],"replies":[{"embeddable":true,"href":"https:\/\/linitiative.ca\/International\/wp-json\/wp\/v2\/comments?post=139672"}],"version-history":[{"count":0,"href":"https:\/\/linitiative.ca\/International\/wp-json\/wp\/v2\/posts\/139672\/revisions"}],"wp:attachment":[{"href":"https:\/\/linitiative.ca\/International\/wp-json\/wp\/v2\/media?parent=139672"}],"wp:term":[{"taxonomy":"category","embeddable":true,"href":"https:\/\/linitiative.ca\/International\/wp-json\/wp\/v2\/categories?post=139672"},{"taxonomy":"post_tag","embeddable":true,"href":"https:\/\/linitiative.ca\/International\/wp-json\/wp\/v2\/tags?post=139672"}],"curies":[{"name":"wp","href":"https:\/\/api.w.org\/{rel}","templated":true}]}}