{"id":139678,"date":"2022-01-28T14:52:56","date_gmt":"2022-01-28T19:52:56","guid":{"rendered":"https:\/\/linitiative.ca\/International\/mondial-2030-cette-nation-africaine-sera-candidate-pour-organiser-le-tournoi\/"},"modified":"2022-01-28T14:52:56","modified_gmt":"2022-01-28T19:52:56","slug":"mondial-2030-cette-nation-africaine-sera-candidate-pour-organiser-le-tournoi","status":"publish","type":"post","link":"https:\/\/linitiative.ca\/International\/mondial-2030-cette-nation-africaine-sera-candidate-pour-organiser-le-tournoi\/","title":{"rendered":"Mondial 2030 : Cette nation africaine sera candidate pour organiser le tournoi"},"content":{"rendered":"<div>\n<p>En marge de son organisation de la CAN 2021, le Cameroun sera une principale candidate pour l\u2019organisation du Mondial 2030, et ce, suivant le principe de la rotation des continents pour l\u2019organisation du Mondial o\u00f9 l\u2019\u00e9dition 2030 sera attribu\u00e9e \u00e0 l\u2019Afrique. Rappelons que l\u2019Afrique du Sud avait organis\u00e9 l\u2019\u00e9dition 2010 et a r\u00e9ussi brillamment son [\u2026]<\/p>\n<p>L\u2019article <a href=\"https:\/\/sport.tunisienumerique.com\/mondial-2030-cette-nation-africaine-sera-candidate-pour-organiser-le-tournoi\/\">Mondial 2030 : Cette nation africaine sera candidate pour organiser le tournoi<\/a> est apparu en premier sur <a href=\"https:\/\/www.tunisienumerique.com\/\">Tunisie<\/a>.<\/p>\n<\/div>\n<p>Auteur: Hamza Ben Khlifa<br \/>\n<a href=\"https:\/\/sport.tunisienumerique.com\/mondial-2030-cette-nation-africaine-sera-candidate-pour-organiser-le-tournoi\/\">Cliquez ici pour lire l&rsquo;article depuis sa source.<\/a><\/p>\n","protected":false},"excerpt":{"rendered":"<p>En marge de son organisation de la CAN 2021, le Cameroun sera une principale candidate pour l\u2019organisation du Mondial 2030, et ce, suivant le principe de la rotation des continents pour l\u2019organisation du Mondial o\u00f9 l\u2019\u00e9dition 2030 sera attribu\u00e9e \u00e0 l\u2019Afrique. Rappelons que l\u2019Afrique du Sud avait organis\u00e9 l\u2019\u00e9dition 2010 et a r\u00e9ussi brillamment son [&hellip;]<\/p>\n","protected":false},"author":1789,"featured_media":0,"comment_status":"closed","ping_status":"closed","sticky":false,"template":"","format":"standard","meta":{"fifu_image_url":"","fifu_image_alt":"","footnotes":""},"categories":[73,55],"tags":[],"class_list":["post-139678","post","type-post","status-publish","format-standard","hentry","category-actualite","category-tunisie"],"_links":{"self":[{"href":"https:\/\/linitiative.ca\/International\/wp-json\/wp\/v2\/posts\/139678","targetHints":{"allow":["GET"]}}],"collection":[{"href":"https:\/\/linitiative.ca\/International\/wp-json\/wp\/v2\/posts"}],"about":[{"href":"https:\/\/linitiative.ca\/International\/wp-json\/wp\/v2\/types\/post"}],"author":[{"embeddable":true,"href":"https:\/\/linitiative.ca\/International\/wp-json\/wp\/v2\/users\/1789"}],"replies":[{"embeddable":true,"href":"https:\/\/linitiative.ca\/International\/wp-json\/wp\/v2\/comments?post=139678"}],"version-history":[{"count":0,"href":"https:\/\/linitiative.ca\/International\/wp-json\/wp\/v2\/posts\/139678\/revisions"}],"wp:attachment":[{"href":"https:\/\/linitiative.ca\/International\/wp-json\/wp\/v2\/media?parent=139678"}],"wp:term":[{"taxonomy":"category","embeddable":true,"href":"https:\/\/linitiative.ca\/International\/wp-json\/wp\/v2\/categories?post=139678"},{"taxonomy":"post_tag","embeddable":true,"href":"https:\/\/linitiative.ca\/International\/wp-json\/wp\/v2\/tags?post=139678"}],"curies":[{"name":"wp","href":"https:\/\/api.w.org\/{rel}","templated":true}]}}