{"id":139679,"date":"2022-01-28T15:15:28","date_gmt":"2022-01-28T20:15:28","guid":{"rendered":"https:\/\/linitiative.ca\/International\/depuis-letranger-rafik-abdessalam-kais-saied-na-rien-a-voir-avec-les-interets-du-peuple\/"},"modified":"2022-01-28T15:15:28","modified_gmt":"2022-01-28T20:15:28","slug":"depuis-letranger-rafik-abdessalam-kais-saied-na-rien-a-voir-avec-les-interets-du-peuple","status":"publish","type":"post","link":"https:\/\/linitiative.ca\/International\/depuis-letranger-rafik-abdessalam-kais-saied-na-rien-a-voir-avec-les-interets-du-peuple\/","title":{"rendered":"Depuis l\u2019\u00e9tranger-Rafik Abdessalam : \u00ab Kais Saied n\u2019a rien \u00e0 voir avec les int\u00e9r\u00eats du peuple \u00bb"},"content":{"rendered":"<div>\n<p>Le leader du mouvement Ennahdha, Rafik Abdessalem a critiqu\u00e9 dans un post publi\u00e9 ce vendredi 28 janvier 2022 le pr\u00e9sident de la R\u00e9publique, Kais Saied. \u00ab Sachez avec certitude que Kais Saied n\u2019a rien \u00e0 voir avec les int\u00e9r\u00eats du peuple et les priorit\u00e9s actuelles, notez tous ses int\u00e9r\u00eats, discours et combats depuis son entr\u00e9e [\u2026]<\/p>\n<p>L\u2019article <a href=\"https:\/\/www.tunisienumerique.com\/depuis-letranger-rafik-abdessalam-kais-saied-na-rien-a-voir-avec-les-interets-du-peuple\/\">Depuis l\u2019\u00e9tranger-Rafik Abdessalam : \u00ab Kais Saied n\u2019a rien \u00e0 voir avec les int\u00e9r\u00eats du peuple \u00bb<\/a> est apparu en premier sur <a href=\"https:\/\/www.tunisienumerique.com\/\">Tunisie<\/a>.<\/p>\n<\/div>\n<p>Auteur: rania ben slimane<br \/>\n<a href=\"https:\/\/www.tunisienumerique.com\/depuis-letranger-rafik-abdessalam-kais-saied-na-rien-a-voir-avec-les-interets-du-peuple\/\">Cliquez ici pour lire l&rsquo;article depuis sa source.<\/a><\/p>\n","protected":false},"excerpt":{"rendered":"<p>Le leader du mouvement Ennahdha, Rafik Abdessalem a critiqu\u00e9 dans un post publi\u00e9 ce vendredi 28 janvier 2022 le pr\u00e9sident de la R\u00e9publique, Kais Saied. \u00ab Sachez avec certitude que Kais Saied n\u2019a rien \u00e0 voir avec les int\u00e9r\u00eats du peuple et les priorit\u00e9s actuelles, notez tous ses int\u00e9r\u00eats, discours et combats depuis son entr\u00e9e [&hellip;]<\/p>\n","protected":false},"author":1789,"featured_media":0,"comment_status":"closed","ping_status":"closed","sticky":false,"template":"","format":"standard","meta":{"fifu_image_url":"","fifu_image_alt":"","footnotes":""},"categories":[73,55],"tags":[],"class_list":["post-139679","post","type-post","status-publish","format-standard","hentry","category-actualite","category-tunisie"],"_links":{"self":[{"href":"https:\/\/linitiative.ca\/International\/wp-json\/wp\/v2\/posts\/139679","targetHints":{"allow":["GET"]}}],"collection":[{"href":"https:\/\/linitiative.ca\/International\/wp-json\/wp\/v2\/posts"}],"about":[{"href":"https:\/\/linitiative.ca\/International\/wp-json\/wp\/v2\/types\/post"}],"author":[{"embeddable":true,"href":"https:\/\/linitiative.ca\/International\/wp-json\/wp\/v2\/users\/1789"}],"replies":[{"embeddable":true,"href":"https:\/\/linitiative.ca\/International\/wp-json\/wp\/v2\/comments?post=139679"}],"version-history":[{"count":0,"href":"https:\/\/linitiative.ca\/International\/wp-json\/wp\/v2\/posts\/139679\/revisions"}],"wp:attachment":[{"href":"https:\/\/linitiative.ca\/International\/wp-json\/wp\/v2\/media?parent=139679"}],"wp:term":[{"taxonomy":"category","embeddable":true,"href":"https:\/\/linitiative.ca\/International\/wp-json\/wp\/v2\/categories?post=139679"},{"taxonomy":"post_tag","embeddable":true,"href":"https:\/\/linitiative.ca\/International\/wp-json\/wp\/v2\/tags?post=139679"}],"curies":[{"name":"wp","href":"https:\/\/api.w.org\/{rel}","templated":true}]}}