{"id":139682,"date":"2022-01-28T16:15:37","date_gmt":"2022-01-28T21:15:37","guid":{"rendered":"https:\/\/linitiative.ca\/International\/tunisie-larrestation-dun-takfiriste-pour-braquage-et-vol-de-60-mille-dinars\/"},"modified":"2022-01-28T16:15:37","modified_gmt":"2022-01-28T21:15:37","slug":"tunisie-larrestation-dun-takfiriste-pour-braquage-et-vol-de-60-mille-dinars","status":"publish","type":"post","link":"https:\/\/linitiative.ca\/International\/tunisie-larrestation-dun-takfiriste-pour-braquage-et-vol-de-60-mille-dinars\/","title":{"rendered":"Tunisie : L\u2019arrestation d\u2019un Takfiriste pour braquage et vol de 60 mille dinars"},"content":{"rendered":"<div>\n<p>Apr\u00e8s avoir circul\u00e9 l\u2019image d\u2019un individu qui a ex\u00e9cut\u00e9 un braquage au Bardo, vol\u00e9 60 mille dinars, les cadres et agents du poste de s\u00e9curit\u00e9 nationale de Cit\u00e9 Ezzouhour ont \u00e9t\u00e9 en mesure d\u2019identifier le suspect qui s\u2019est enfui. Il s\u2019est av\u00e9r\u00e9 qu\u2019il s\u2019agit d\u2019un \u00e9l\u00e9ment takfiriste qui avait d\u00e9j\u00e0 tent\u00e9 de rejoindre des groupes [\u2026]<\/p>\n<p>L\u2019article <a href=\"https:\/\/www.tunisienumerique.com\/tunisie-larrestation-dun-takfiriste-pour-braquage-et-vol-de-60-mille-dinars\/\">Tunisie : L\u2019arrestation d\u2019un Takfiriste pour braquage et vol de 60 mille dinars<\/a> est apparu en premier sur <a href=\"https:\/\/www.tunisienumerique.com\/\">Tunisie<\/a>.<\/p>\n<\/div>\n<p>Auteur: rania ben slimane<br \/>\n<a href=\"https:\/\/www.tunisienumerique.com\/tunisie-larrestation-dun-takfiriste-pour-braquage-et-vol-de-60-mille-dinars\/\">Cliquez ici pour lire l&rsquo;article depuis sa source.<\/a><\/p>\n","protected":false},"excerpt":{"rendered":"<p>Apr\u00e8s avoir circul\u00e9 l\u2019image d\u2019un individu qui a ex\u00e9cut\u00e9 un braquage au Bardo, vol\u00e9 60 mille dinars, les cadres et agents du poste de s\u00e9curit\u00e9 nationale de Cit\u00e9 Ezzouhour ont \u00e9t\u00e9 en mesure d\u2019identifier le suspect qui s\u2019est enfui. Il s\u2019est av\u00e9r\u00e9 qu\u2019il s\u2019agit d\u2019un \u00e9l\u00e9ment takfiriste qui avait d\u00e9j\u00e0 tent\u00e9 de rejoindre des groupes [&hellip;]<\/p>\n","protected":false},"author":1789,"featured_media":0,"comment_status":"closed","ping_status":"closed","sticky":false,"template":"","format":"standard","meta":{"fifu_image_url":"","fifu_image_alt":"","footnotes":""},"categories":[73,55],"tags":[],"class_list":["post-139682","post","type-post","status-publish","format-standard","hentry","category-actualite","category-tunisie"],"_links":{"self":[{"href":"https:\/\/linitiative.ca\/International\/wp-json\/wp\/v2\/posts\/139682","targetHints":{"allow":["GET"]}}],"collection":[{"href":"https:\/\/linitiative.ca\/International\/wp-json\/wp\/v2\/posts"}],"about":[{"href":"https:\/\/linitiative.ca\/International\/wp-json\/wp\/v2\/types\/post"}],"author":[{"embeddable":true,"href":"https:\/\/linitiative.ca\/International\/wp-json\/wp\/v2\/users\/1789"}],"replies":[{"embeddable":true,"href":"https:\/\/linitiative.ca\/International\/wp-json\/wp\/v2\/comments?post=139682"}],"version-history":[{"count":0,"href":"https:\/\/linitiative.ca\/International\/wp-json\/wp\/v2\/posts\/139682\/revisions"}],"wp:attachment":[{"href":"https:\/\/linitiative.ca\/International\/wp-json\/wp\/v2\/media?parent=139682"}],"wp:term":[{"taxonomy":"category","embeddable":true,"href":"https:\/\/linitiative.ca\/International\/wp-json\/wp\/v2\/categories?post=139682"},{"taxonomy":"post_tag","embeddable":true,"href":"https:\/\/linitiative.ca\/International\/wp-json\/wp\/v2\/tags?post=139682"}],"curies":[{"name":"wp","href":"https:\/\/api.w.org\/{rel}","templated":true}]}}