{"id":139688,"date":"2022-01-28T05:06:31","date_gmt":"2022-01-28T10:06:31","guid":{"rendered":"https:\/\/linitiative.ca\/International\/coup-detat-au-burkina-lupc-prend-acte-et-entend-travailler-avec-toutes-les-forces-vives-pour-liberer-le-pays-du-joug-terroriste\/"},"modified":"2022-01-28T05:06:31","modified_gmt":"2022-01-28T10:06:31","slug":"coup-detat-au-burkina-lupc-prend-acte-et-entend-travailler-avec-toutes-les-forces-vives-pour-liberer-le-pays-du-joug-terroriste","status":"publish","type":"post","link":"https:\/\/linitiative.ca\/International\/coup-detat-au-burkina-lupc-prend-acte-et-entend-travailler-avec-toutes-les-forces-vives-pour-liberer-le-pays-du-joug-terroriste\/","title":{"rendered":"Coup d\u2019Etat au Burkina : l\u2019UPC prend acte et entend travailler avec toutes les forces vives pour lib\u00e9rer le pays du joug terroriste."},"content":{"rendered":"<div>\n<p>L\u2019Union pour le Progr\u00e8s et le Changement (UPC) a d\u00e9clar\u00e9 que la succession des \u00e9v\u00e9nements qui a conduit le Chef de l\u2019Etat \u00e0 renoncer de lui-m\u00eame \u00e0 ses fonctions de Pr\u00e9sident du Faso, am\u00e8ne son Parti, \u00e0 prendre acte de la nouvelle situation que vit le Burkina Faso avec l\u2019av\u00e8nement du MPSR.<\/p>\n<div class=\"\" data-block=\"true\" data-editor=\"6hu99\" data-offset-key=\"bcoeh-0-0\">\n<div class=\"_1mf _1mj\" data-offset-key=\"bcoeh-0-0\"><span data-offset-key=\"bcoeh-0-0\">En attendant que les nouvelles autorit\u00e9s du pays d\u00e9clinent leurs intentions et leur programme, l\u2019UPC demande que l\u2019int\u00e9grit\u00e9 physique du Pr\u00e9sident Roch Marc Christian KABORE soit sauvegard\u00e9e et que la libert\u00e9 lui soit accord\u00e9e le plus rapidement possible. <\/span><\/div>\n<\/div>\n<div class=\"\" data-block=\"true\" data-editor=\"6hu99\" data-offset-key=\"8ei1-0-0\">\n<div class=\"_1mf _1mj\" data-offset-key=\"8ei1-0-0\"><span data-offset-key=\"8ei1-0-0\">\u00a0<\/span><\/div>\n<\/div>\n<div class=\"\" data-block=\"true\" data-editor=\"6hu99\" data-offset-key=\"c3lcu-0-0\">\n<div class=\"_1mf _1mj\" data-offset-key=\"c3lcu-0-0\"><span data-offset-key=\"c3lcu-0-0\">Le parti souhaite \u00e9galement que les libert\u00e9s d\u00e9mocratiques fondamentales des citoyens soient respect\u00e9es. Pour la p\u00e9riode de transition qui s\u2019ouvre d\u00e9sormais, l\u2019 UPC souhaite qu\u2019elle soit marqu\u00e9e du sceau de la concertation permanente et de l\u2019inclusion et conduise dans un d\u00e9lai raisonnable \u00e0 un retour \u00e0 une vie constitutionnelle normale.<\/span><\/div>\n<\/div>\n<div class=\"\" data-block=\"true\" data-editor=\"6hu99\" data-offset-key=\"6cm5h-0-0\">\n<div class=\"_1mf _1mj\" data-offset-key=\"6cm5h-0-0\"><span data-offset-key=\"6cm5h-0-0\">\u00a0<\/span><\/div>\n<\/div>\n<div class=\"\" data-block=\"true\" data-editor=\"6hu99\" data-offset-key=\"df8pe-0-0\">\n<div class=\"_1mf _1mj\" data-offset-key=\"df8pe-0-0\"><span data-offset-key=\"df8pe-0-0\">En ces moments difficiles que vit le Burkina Faso, le parti dit rester disponible pour travailler avec toutes les forces vives de notre pays, pour lib\u00e9rer le Burkina Faso du joug terroriste, refonder notre syst\u00e8me de gouvernance d\u00e9mocratique et \u00e9conomique, r\u00e9aliser la r\u00e9conciliation nationale, l\u2019unit\u00e9 nationale et la coh\u00e9sion sociale.<\/span><\/div>\n<\/div>\n<div class=\"\" data-block=\"true\" data-editor=\"6hu99\" data-offset-key=\"1ote3-0-0\">\n<div class=\"_1mf _1mj\" data-offset-key=\"1ote3-0-0\"><span data-offset-key=\"1ote3-0-0\">\u00a0<\/span><\/div>\n<\/div>\n<div class=\"\" data-block=\"true\" data-editor=\"6hu99\" data-offset-key=\"1mb5i-0-0\">\n<div class=\"_1mf _1mj\" data-offset-key=\"1mb5i-0-0\"><span data-offset-key=\"1mb5i-0-0\">La R\u00e9daction<\/span><\/div>\n<\/div>\n<div class=\"\" data-block=\"true\" data-editor=\"6hu99\" data-offset-key=\"d0vqh-0-0\"><\/div>\n<p>L\u2019article <a rel=\"nofollow\" href=\"https:\/\/www.sidwaya.info\/blog\/2022\/01\/28\/coup-detat-au-burkina-lupc-prend-acte-et-entend-travailler-avec-toutes-les-forces-vives-pour-liberer-le-pays-du-joug-terroriste\/\">Coup d\u2019Etat au Burkina : l\u2019UPC prend acte et entend travailler avec toutes les forces vives pour lib\u00e9rer le pays du joug terroriste.<\/a> est apparu en premier sur <a rel=\"nofollow\" href=\"https:\/\/www.sidwaya.info\/\">Quotidien Sidwaya<\/a>.<\/p>\n<\/div>\n<p>Auteur: BANGRE SIDWAYA<br \/>\n<a href=\"https:\/\/www.sidwaya.info\/blog\/2022\/01\/28\/coup-detat-au-burkina-lupc-prend-acte-et-entend-travailler-avec-toutes-les-forces-vives-pour-liberer-le-pays-du-joug-terroriste\/?utm_source=rss&#038;utm_medium=rss&#038;utm_campaign=coup-detat-au-burkina-lupc-prend-acte-et-entend-travailler-avec-toutes-les-forces-vives-pour-liberer-le-pays-du-joug-terroriste\">Cliquez ici pour lire l&rsquo;article depuis sa source.<\/a><\/p>\n","protected":false},"excerpt":{"rendered":"<p>L\u2019Union pour le Progr\u00e8s et le Changement (UPC) a d\u00e9clar\u00e9 que la succession des \u00e9v\u00e9nements qui a conduit le Chef de l\u2019Etat \u00e0 renoncer de lui-m\u00eame \u00e0 ses fonctions de Pr\u00e9sident du Faso, am\u00e8ne son Parti, \u00e0 prendre acte de la nouvelle situation que vit le Burkina Faso avec l\u2019av\u00e8nement du MPSR. En attendant que [&hellip;]<\/p>\n","protected":false},"author":1816,"featured_media":0,"comment_status":"closed","ping_status":"closed","sticky":false,"template":"","format":"standard","meta":{"fifu_image_url":"","fifu_image_alt":"","footnotes":""},"categories":[73,81],"tags":[],"class_list":["post-139688","post","type-post","status-publish","format-standard","hentry","category-actualite","category-burkina-faso"],"_links":{"self":[{"href":"https:\/\/linitiative.ca\/International\/wp-json\/wp\/v2\/posts\/139688","targetHints":{"allow":["GET"]}}],"collection":[{"href":"https:\/\/linitiative.ca\/International\/wp-json\/wp\/v2\/posts"}],"about":[{"href":"https:\/\/linitiative.ca\/International\/wp-json\/wp\/v2\/types\/post"}],"author":[{"embeddable":true,"href":"https:\/\/linitiative.ca\/International\/wp-json\/wp\/v2\/users\/1816"}],"replies":[{"embeddable":true,"href":"https:\/\/linitiative.ca\/International\/wp-json\/wp\/v2\/comments?post=139688"}],"version-history":[{"count":0,"href":"https:\/\/linitiative.ca\/International\/wp-json\/wp\/v2\/posts\/139688\/revisions"}],"wp:attachment":[{"href":"https:\/\/linitiative.ca\/International\/wp-json\/wp\/v2\/media?parent=139688"}],"wp:term":[{"taxonomy":"category","embeddable":true,"href":"https:\/\/linitiative.ca\/International\/wp-json\/wp\/v2\/categories?post=139688"},{"taxonomy":"post_tag","embeddable":true,"href":"https:\/\/linitiative.ca\/International\/wp-json\/wp\/v2\/tags?post=139688"}],"curies":[{"name":"wp","href":"https:\/\/api.w.org\/{rel}","templated":true}]}}