{"id":139689,"date":"2022-01-28T06:42:48","date_gmt":"2022-01-28T11:42:48","guid":{"rendered":"https:\/\/linitiative.ca\/International\/burkina-le-ntd-engage-le-mpsr-a-la-mise-en-place-dun-processus-inclusif-et-participatif\/"},"modified":"2022-01-28T06:42:48","modified_gmt":"2022-01-28T11:42:48","slug":"burkina-le-ntd-engage-le-mpsr-a-la-mise-en-place-dun-processus-inclusif-et-participatif","status":"publish","type":"post","link":"https:\/\/linitiative.ca\/International\/burkina-le-ntd-engage-le-mpsr-a-la-mise-en-place-dun-processus-inclusif-et-participatif\/","title":{"rendered":"Burkina: Le NTD engage le MPSR \u00e0 la mise en place d\u2019un processus inclusif et participatif\u2026"},"content":{"rendered":"<div>\n<p>L<strong>e <\/strong><strong>Nouveau Temps pour la D\u00e9mocratie<\/strong> (NTD) dit suivre avec attention l\u2019\u00e9volution de la situation politique qui \u00ab\u00a0pr\u00e9occupe et inqui\u00e8te\u00a0\u00bb l\u2019ensemble du peuple burkinab\u00e8. Dans une d\u00e9claration, ce parti pense que Burkina Faso assiste \u00e0 un \u00ab\u00a0acte anticonstitutionnel de prise du pouvoir ex\u00e9cutif\u00a0\u00bb.<\/p>\n<p>Le NTD qui se dit parti r\u00e9publicain et fid\u00e8le \u00e0 ses principes et \u00e0 ses textes fondamentaux, condamne le coup de force militaire et appelle \u00e0 la lib\u00e9ration du Pr\u00e9sident du Faso Rock Marc-Christian KABORE.<\/p>\n<p>Il engage par ailleurs, le MPSR \u00a0\u00e0 la mise en place d\u2019un processus inclusif et participatif devant aboutir \u00e0 la satisfaction des aspirations profondes du Peuple burkinab\u00e8, \u00e0 savoir une gouvernance s\u00e9curitaire efficace qui ram\u00e8ne la paix sur l\u2019ensemble du territoire national.<\/p>\n<p>AB<\/p>\n<p>\u00a0<\/p>\n<p>L\u2019article <a rel=\"nofollow\" href=\"https:\/\/www.sidwaya.info\/blog\/2022\/01\/28\/burkina-le-ntd-engage-le-mpsr-a-la-mise-en-place-dun-processus-inclusif-et-participatif\/\">Burkina: Le NTD engage le MPSR \u00e0 la mise en place d\u2019un processus inclusif et participatif\u2026<\/a> est apparu en premier sur <a rel=\"nofollow\" href=\"https:\/\/www.sidwaya.info\/\">Quotidien Sidwaya<\/a>.<\/p>\n<\/div>\n<p>Auteur: BANGRE SIDWAYA<br \/>\n<a href=\"https:\/\/www.sidwaya.info\/blog\/2022\/01\/28\/burkina-le-ntd-engage-le-mpsr-a-la-mise-en-place-dun-processus-inclusif-et-participatif\/?utm_source=rss&#038;utm_medium=rss&#038;utm_campaign=burkina-le-ntd-engage-le-mpsr-a-la-mise-en-place-dun-processus-inclusif-et-participatif\">Cliquez ici pour lire l&rsquo;article depuis sa source.<\/a><\/p>\n","protected":false},"excerpt":{"rendered":"<p>Le Nouveau Temps pour la D\u00e9mocratie (NTD) dit suivre avec attention l\u2019\u00e9volution de la situation politique qui \u00ab\u00a0pr\u00e9occupe et inqui\u00e8te\u00a0\u00bb l\u2019ensemble du peuple burkinab\u00e8. Dans une d\u00e9claration, ce parti pense que Burkina Faso assiste \u00e0 un \u00ab\u00a0acte anticonstitutionnel de prise du pouvoir ex\u00e9cutif\u00a0\u00bb. Le NTD qui se dit parti r\u00e9publicain et fid\u00e8le \u00e0 ses principes [&hellip;]<\/p>\n","protected":false},"author":1816,"featured_media":0,"comment_status":"closed","ping_status":"closed","sticky":false,"template":"","format":"standard","meta":{"fifu_image_url":"","fifu_image_alt":"","footnotes":""},"categories":[73,81],"tags":[],"class_list":["post-139689","post","type-post","status-publish","format-standard","hentry","category-actualite","category-burkina-faso"],"_links":{"self":[{"href":"https:\/\/linitiative.ca\/International\/wp-json\/wp\/v2\/posts\/139689","targetHints":{"allow":["GET"]}}],"collection":[{"href":"https:\/\/linitiative.ca\/International\/wp-json\/wp\/v2\/posts"}],"about":[{"href":"https:\/\/linitiative.ca\/International\/wp-json\/wp\/v2\/types\/post"}],"author":[{"embeddable":true,"href":"https:\/\/linitiative.ca\/International\/wp-json\/wp\/v2\/users\/1816"}],"replies":[{"embeddable":true,"href":"https:\/\/linitiative.ca\/International\/wp-json\/wp\/v2\/comments?post=139689"}],"version-history":[{"count":0,"href":"https:\/\/linitiative.ca\/International\/wp-json\/wp\/v2\/posts\/139689\/revisions"}],"wp:attachment":[{"href":"https:\/\/linitiative.ca\/International\/wp-json\/wp\/v2\/media?parent=139689"}],"wp:term":[{"taxonomy":"category","embeddable":true,"href":"https:\/\/linitiative.ca\/International\/wp-json\/wp\/v2\/categories?post=139689"},{"taxonomy":"post_tag","embeddable":true,"href":"https:\/\/linitiative.ca\/International\/wp-json\/wp\/v2\/tags?post=139689"}],"curies":[{"name":"wp","href":"https:\/\/api.w.org\/{rel}","templated":true}]}}