{"id":139690,"date":"2022-01-28T07:03:53","date_gmt":"2022-01-28T12:03:53","guid":{"rendered":"https:\/\/linitiative.ca\/International\/burkina-le-mpsr-doit-garantir-aux-personnes-interpellees-leur-dignite-les-eveques\/"},"modified":"2022-01-28T07:03:53","modified_gmt":"2022-01-28T12:03:53","slug":"burkina-le-mpsr-doit-garantir-aux-personnes-interpellees-leur-dignite-les-eveques","status":"publish","type":"post","link":"https:\/\/linitiative.ca\/International\/burkina-le-mpsr-doit-garantir-aux-personnes-interpellees-leur-dignite-les-eveques\/","title":{"rendered":"Burkina: \u00ab\u00a0Le MPSR doit garantir aux personnes interpell\u00e9es\u00a0leur dignit\u00e9\u00a0\u00bb, les \u00e9v\u00eaques"},"content":{"rendered":"<div>\n<p><strong>Les \u00e9v\u00eaques du Burkina Faso qui suivent avec int\u00e9r\u00eat la situation nationale, ont fait une d\u00e9claration publi\u00e9e le 27 janvier 2022, dans laquelle, ils disent prendre acte des changements intervenus.<\/strong><\/p>\n<p>\u00ab\u00a0<em>Nous, \u00e9v\u00eaques du Burkina Faso, prenons acte des changements intervenus<\/em>\u00a0\u00bb, ont-ils dit. \u00a0De tels changements \u00ab\u00a0<em>brusques et non constitutionnels<\/em>\u00bb, selon eux, ne vont pas sans poser de probl\u00e8me. Pour eux, si le d\u00e9fi s\u00e9curitaire est le premier qui a motiv\u00e9 ces \u00e9v\u00e8nements, d\u2019autres demandent \u00e9galement \u00e0 \u00eatre relev\u00e9s, notamment le retour des personnes d\u00e9plac\u00e9es chez elles, la r\u00e9conciliation nationale, les d\u00e9fis \u00e9conomiques et tant d\u2019autres qui n\u00e9cessitent la participation de tous.<\/p>\n<p>Dans ce contexte, ils rappellent que l\u2019autorit\u00e9 est un service pour le bien commun. Ainsi, ils pensent que les nouvelles autorit\u00e9s doivent s\u2019organiser comme il faut pour r\u00e9pondre aux aspirations profondes du peuple. <em>\u00ab\u00a0Nous les invitons \u00e0 garantir aux personnes interpell\u00e9es leur s\u00e9curit\u00e9, leur int\u00e9grit\u00e9 physique et leur dignit\u00e9\u00a0\u00bb<\/em>, ont-ils souhait\u00e9.<\/p>\n<p>Devant la nouveaut\u00e9 de la situation nationale et les questionnements l\u00e9gitimes des uns et des autres, les pr\u00eates invitent avec insistance \u00e0 la pri\u00e8re afin que le Burkina puisse progresser vers une sortie de crise d\u00e9finitive et une paix durable.<\/p>\n<p>La R\u00e9daction<\/p>\n<p>\u00a0<\/p>\n<p>L\u2019article <a rel=\"nofollow\" href=\"https:\/\/www.sidwaya.info\/blog\/2022\/01\/28\/burkina-le-mpsr-doit-garantir-aux-personnes-interpellees-leur-dignite-les-eveques\/\">Burkina: \u00ab\u00a0Le MPSR doit garantir aux personnes interpell\u00e9es\u00a0leur dignit\u00e9\u00a0\u00bb, les \u00e9v\u00eaques<\/a> est apparu en premier sur <a rel=\"nofollow\" href=\"https:\/\/www.sidwaya.info\/\">Quotidien Sidwaya<\/a>.<\/p>\n<\/div>\n<p>Auteur: BANGRE SIDWAYA<br \/>\n<a href=\"https:\/\/www.sidwaya.info\/blog\/2022\/01\/28\/burkina-le-mpsr-doit-garantir-aux-personnes-interpellees-leur-dignite-les-eveques\/?utm_source=rss&#038;utm_medium=rss&#038;utm_campaign=burkina-le-mpsr-doit-garantir-aux-personnes-interpellees-leur-dignite-les-eveques\">Cliquez ici pour lire l&rsquo;article depuis sa source.<\/a><\/p>\n","protected":false},"excerpt":{"rendered":"<p>Les \u00e9v\u00eaques du Burkina Faso qui suivent avec int\u00e9r\u00eat la situation nationale, ont fait une d\u00e9claration publi\u00e9e le 27 janvier 2022, dans laquelle, ils disent prendre acte des changements intervenus. \u00ab\u00a0Nous, \u00e9v\u00eaques du Burkina Faso, prenons acte des changements intervenus\u00a0\u00bb, ont-ils dit. \u00a0De tels changements \u00ab\u00a0brusques et non constitutionnels\u00bb, selon eux, ne vont pas sans [&hellip;]<\/p>\n","protected":false},"author":1816,"featured_media":0,"comment_status":"closed","ping_status":"closed","sticky":false,"template":"","format":"standard","meta":{"fifu_image_url":"","fifu_image_alt":"","footnotes":""},"categories":[73,81],"tags":[],"class_list":["post-139690","post","type-post","status-publish","format-standard","hentry","category-actualite","category-burkina-faso"],"_links":{"self":[{"href":"https:\/\/linitiative.ca\/International\/wp-json\/wp\/v2\/posts\/139690","targetHints":{"allow":["GET"]}}],"collection":[{"href":"https:\/\/linitiative.ca\/International\/wp-json\/wp\/v2\/posts"}],"about":[{"href":"https:\/\/linitiative.ca\/International\/wp-json\/wp\/v2\/types\/post"}],"author":[{"embeddable":true,"href":"https:\/\/linitiative.ca\/International\/wp-json\/wp\/v2\/users\/1816"}],"replies":[{"embeddable":true,"href":"https:\/\/linitiative.ca\/International\/wp-json\/wp\/v2\/comments?post=139690"}],"version-history":[{"count":0,"href":"https:\/\/linitiative.ca\/International\/wp-json\/wp\/v2\/posts\/139690\/revisions"}],"wp:attachment":[{"href":"https:\/\/linitiative.ca\/International\/wp-json\/wp\/v2\/media?parent=139690"}],"wp:term":[{"taxonomy":"category","embeddable":true,"href":"https:\/\/linitiative.ca\/International\/wp-json\/wp\/v2\/categories?post=139690"},{"taxonomy":"post_tag","embeddable":true,"href":"https:\/\/linitiative.ca\/International\/wp-json\/wp\/v2\/tags?post=139690"}],"curies":[{"name":"wp","href":"https:\/\/api.w.org\/{rel}","templated":true}]}}