{"id":139691,"date":"2022-01-28T11:14:22","date_gmt":"2022-01-28T16:14:22","guid":{"rendered":"https:\/\/linitiative.ca\/International\/sommet-extraordinaire-la-cedeao-suspend-le-burkina-faso-de-ses-instances\/"},"modified":"2022-01-28T11:14:22","modified_gmt":"2022-01-28T16:14:22","slug":"sommet-extraordinaire-la-cedeao-suspend-le-burkina-faso-de-ses-instances","status":"publish","type":"post","link":"https:\/\/linitiative.ca\/International\/sommet-extraordinaire-la-cedeao-suspend-le-burkina-faso-de-ses-instances\/","title":{"rendered":"Sommet extraordinaire : La CEDEAO suspend le Burkina Faso de ses instances"},"content":{"rendered":"<div>\n<h1>Les chefs d\u2019Etat se sont r\u00e9unis en session extraordinaire virtuelle ce vendredi 28 janvier 2022. Ils ont pris les premi\u00e8res mesures contre le Burkina, apr\u00e8s le coup d\u2019Etat du lundi 24 janvier 2022. Ils ont d\u00e9cid\u00e9 de suspendre le pays des instances de l\u2019organisation (AIB).<\/h1>\n<h1>Une mission des chefs d\u2019Etat-major des arm\u00e9es de la CEDEAO est attendue \u00e0 Ouagadougou ce 29 janvier 2022, avant une d\u00e9l\u00e9gation minist\u00e9rielle le 31 janvier 2022.<\/h1>\n<h1>Et un autre sommet est pr\u00e9vu le 3 f\u00e9vrier 2022 \u00e0 Accra, au Ghana pour statuer sur la situation au Burkina Faso.<\/h1>\n<h1><strong>La R\u00e9daction<\/strong><\/h1>\n<p>L\u2019article <a rel=\"nofollow\" href=\"https:\/\/www.sidwaya.info\/blog\/2022\/01\/28\/sommet-extraordinaire-la-cedeao-suspend-le-burkina-faso-de-ses-instances\/\">Sommet extraordinaire : La CEDEAO suspend le Burkina Faso de ses instances<\/a> est apparu en premier sur <a rel=\"nofollow\" href=\"https:\/\/www.sidwaya.info\/\">Quotidien Sidwaya<\/a>.<\/p>\n<\/div>\n<p>Auteur: Wamini SIDWAYA<br \/>\n<a href=\"https:\/\/www.sidwaya.info\/blog\/2022\/01\/28\/sommet-extraordinaire-la-cedeao-suspend-le-burkina-faso-de-ses-instances\/?utm_source=rss&#038;utm_medium=rss&#038;utm_campaign=sommet-extraordinaire-la-cedeao-suspend-le-burkina-faso-de-ses-instances\">Cliquez ici pour lire l&rsquo;article depuis sa source.<\/a><\/p>\n","protected":false},"excerpt":{"rendered":"<p>Les chefs d\u2019Etat se sont r\u00e9unis en session extraordinaire virtuelle ce vendredi 28 janvier 2022. Ils ont pris les premi\u00e8res mesures contre le Burkina, apr\u00e8s le coup d\u2019Etat du lundi 24 janvier 2022. Ils ont d\u00e9cid\u00e9 de suspendre le pays des instances de l\u2019organisation (AIB). Une mission des chefs d\u2019Etat-major des arm\u00e9es de la CEDEAO [&hellip;]<\/p>\n","protected":false},"author":1816,"featured_media":0,"comment_status":"closed","ping_status":"closed","sticky":false,"template":"","format":"standard","meta":{"fifu_image_url":"","fifu_image_alt":"","footnotes":""},"categories":[73,81],"tags":[],"class_list":["post-139691","post","type-post","status-publish","format-standard","hentry","category-actualite","category-burkina-faso"],"_links":{"self":[{"href":"https:\/\/linitiative.ca\/International\/wp-json\/wp\/v2\/posts\/139691","targetHints":{"allow":["GET"]}}],"collection":[{"href":"https:\/\/linitiative.ca\/International\/wp-json\/wp\/v2\/posts"}],"about":[{"href":"https:\/\/linitiative.ca\/International\/wp-json\/wp\/v2\/types\/post"}],"author":[{"embeddable":true,"href":"https:\/\/linitiative.ca\/International\/wp-json\/wp\/v2\/users\/1816"}],"replies":[{"embeddable":true,"href":"https:\/\/linitiative.ca\/International\/wp-json\/wp\/v2\/comments?post=139691"}],"version-history":[{"count":0,"href":"https:\/\/linitiative.ca\/International\/wp-json\/wp\/v2\/posts\/139691\/revisions"}],"wp:attachment":[{"href":"https:\/\/linitiative.ca\/International\/wp-json\/wp\/v2\/media?parent=139691"}],"wp:term":[{"taxonomy":"category","embeddable":true,"href":"https:\/\/linitiative.ca\/International\/wp-json\/wp\/v2\/categories?post=139691"},{"taxonomy":"post_tag","embeddable":true,"href":"https:\/\/linitiative.ca\/International\/wp-json\/wp\/v2\/tags?post=139691"}],"curies":[{"name":"wp","href":"https:\/\/api.w.org\/{rel}","templated":true}]}}