{"id":139692,"date":"2022-01-28T11:18:04","date_gmt":"2022-01-28T16:18:04","guid":{"rendered":"https:\/\/linitiative.ca\/International\/dakar-et-la-bad-signent-quatre-conventions-de-financement\/"},"modified":"2022-01-28T11:18:04","modified_gmt":"2022-01-28T16:18:04","slug":"dakar-et-la-bad-signent-quatre-conventions-de-financement","status":"publish","type":"post","link":"https:\/\/linitiative.ca\/International\/dakar-et-la-bad-signent-quatre-conventions-de-financement\/","title":{"rendered":"Dakar et la Bad signent quatre conventions de financement"},"content":{"rendered":"<div>\n<p><img decoding=\"async\" width=\"720\" height=\"480\" src=\"https:\/\/linitiative.ca\/International\/wp-content\/uploads\/sites\/23\/2022\/01\/16433866845800.jpg\" class=\"attachment-post-thumbnail size-post-thumbnail wp-post-image\" alt=\"\" loading=\"lazy\" srcset=\"https:\/\/linitiative.ca\/International\/wp-content\/uploads\/sites\/23\/2022\/01\/16433866845800.jpg 720w, https:\/\/www.journalducameroun.com\/wp-content\/uploads\/2022\/01\/16433866845800-300x200.jpg 300w, https:\/\/www.journalducameroun.com\/wp-content\/uploads\/2022\/01\/16433866845800-660x440.jpg 660w, https:\/\/www.journalducameroun.com\/wp-content\/uploads\/2022\/01\/16433866845800-600x400.jpg 600w\" sizes=\"auto, (max-width: 720px) 100vw, 720px\"><\/p>\n<p>La Banque africaine de d\u00e9veloppement (Bad) a allou\u00e9 au S\u00e9n\u00e9gal des fonds estim\u00e9s \u00e0 plus de 183 milliards de FCFA pour accompagner plusieurs secteurs dont le priv\u00e9 national.La visite officielle du pr\u00e9sident de la Bad, Dr Akinwumi Adesina, au S\u00e9n\u00e9gal a \u00e9t\u00e9 fructueuse pour ce dernier. En effet, au sortir de la rencontre entre Dr. Adesina et les organisations du secteur priv\u00e9, jeudi soir \u00e0 Dakar, le ministre de l&rsquo;Economie, du Plan et de la Coop\u00e9ration, Amadou Hott, a sign\u00e9 quatre accords de financements avec des repr\u00e9sentants de la banque r\u00e9gionale.<\/p>\n<p>Le premier accord de financement porte sur un pr\u00eat concessionnel d&rsquo;un montant de 71 milliards de FCFA. Il vise \u00e0 soutenir la relance \u00e9conomique, l&rsquo;acc\u00e9l\u00e9ration de l&rsquo;industrialisation et la cr\u00e9ation d&#8217;emplois, et \u00e0 accompagner les micros, petites et moyennes entreprises ainsi que l&rsquo;accroissement de l&rsquo;investissement priv\u00e9.<\/p>\n<p>Cette convention permettra aussi le renforcement de la comp\u00e9titivit\u00e9 des cha\u00eenes de valeurs, la mise en place d&rsquo;une task-force comp\u00e9titivit\u00e9 \u00e0 Dakar et dans six r\u00e9gions pilotes, l&rsquo;assistance technique, la formalisation et l&rsquo;adoption de technologies, l&rsquo;autonomisation des femmes\u2026<\/p>\n<p>La deuxi\u00e8me convention porte sur un financement de 110 milliards de FCFA. Elle est destin\u00e9e au Programme de d\u00e9senclavement des zones agricoles et mini\u00e8res. L&rsquo;objectif vis\u00e9 est de permettre aux acteurs \u00e9conomiques s&rsquo;activant dans sa zone d&rsquo;intervention d&rsquo;\u00eatre plus comp\u00e9titifs. Elle pr\u00e9voit notamment la r\u00e9habilitation de 361 km de routes, l&rsquo;am\u00e9nagement de 112 km de routes et de six km de voiries pav\u00e9es.<\/p>\n<p>La troisi\u00e8me signature a port\u00e9 sur un protocole de don pour le programme de partenariat d&rsquo;affaires des PME d&rsquo;un montant de 580 millions de FCFA. Le but est de faciliter l&rsquo;acc\u00e8s aux march\u00e9s de 120 PME s\u00e9n\u00e9galaises au march\u00e9 local et \u00e0 l&rsquo;\u00e9tranger.<\/p>\n<p>La quatri\u00e8me et derni\u00e8re convention portait sur l&rsquo;autonomisation de 1300 entreprises d\u00e9tenues par des femmes. Elle est dot\u00e9e d&rsquo;une enveloppe de 2,33 milliards de FCFA.<\/p>\n<p>Dr Akinwumi Adesina a profit\u00e9 de l&rsquo;occasion pour appeler le secteur priv\u00e9 \u00e0 davantage investir dans les infrastructures, l&rsquo;agriculture et l&rsquo;\u00e9nergie qui constituent des piliers incontournables au d\u00e9veloppement de l&rsquo;Afrique.<\/p>\n<p>Amadou Hott s&rsquo;est quant \u00e0 lui f\u00e9licit\u00e9 de la confiance renouvel\u00e9e de la Banque africaine de d\u00e9veloppement \u00e0 l&rsquo;endroit du S\u00e9n\u00e9gal.<\/p>\n<p>Cet article <a rel=\"nofollow\" href=\"https:\/\/www.journalducameroun.com\/dakar-et-la-bad-signent-quatre-conventions-de-financement\/\">Dakar et la Bad signent quatre conventions de financement<\/a> est apparu en premier sur <a rel=\"nofollow\" href=\"https:\/\/www.journalducameroun.com\/\">Journal du Cameroun<\/a>.<\/p>\n<\/div>\n<p>Auteur: APA News<br \/>\n<a href=\"https:\/\/www.journalducameroun.com\/dakar-et-la-bad-signent-quatre-conventions-de-financement\/\">Cliquez ici pour lire l&rsquo;article depuis sa source.<\/a><\/p>\n","protected":false},"excerpt":{"rendered":"<p>La Banque africaine de d\u00e9veloppement (Bad) a allou\u00e9 au S\u00e9n\u00e9gal des fonds estim\u00e9s \u00e0 plus de 183 milliards de FCFA pour accompagner plusieurs secteurs dont le priv\u00e9 national.La visite officielle du pr\u00e9sident de la Bad, Dr Akinwumi Adesina, au S\u00e9n\u00e9gal a \u00e9t\u00e9 fructueuse pour ce dernier. En effet, au sortir de la rencontre entre Dr. [&hellip;]<\/p>\n","protected":false},"author":1965,"featured_media":0,"comment_status":"closed","ping_status":"closed","sticky":false,"template":"","format":"standard","meta":{"fifu_image_url":"https:\/\/www.journalducameroun.com\/wp-content\/uploads\/2022\/01\/16433866845800.jpg","fifu_image_alt":"Dakar et la Bad signent quatre conventions de financement","footnotes":""},"categories":[73,82],"tags":[],"class_list":["post-139692","post","type-post","status-publish","format-standard","hentry","category-actualite","category-cameroun"],"_links":{"self":[{"href":"https:\/\/linitiative.ca\/International\/wp-json\/wp\/v2\/posts\/139692","targetHints":{"allow":["GET"]}}],"collection":[{"href":"https:\/\/linitiative.ca\/International\/wp-json\/wp\/v2\/posts"}],"about":[{"href":"https:\/\/linitiative.ca\/International\/wp-json\/wp\/v2\/types\/post"}],"author":[{"embeddable":true,"href":"https:\/\/linitiative.ca\/International\/wp-json\/wp\/v2\/users\/1965"}],"replies":[{"embeddable":true,"href":"https:\/\/linitiative.ca\/International\/wp-json\/wp\/v2\/comments?post=139692"}],"version-history":[{"count":0,"href":"https:\/\/linitiative.ca\/International\/wp-json\/wp\/v2\/posts\/139692\/revisions"}],"wp:attachment":[{"href":"https:\/\/linitiative.ca\/International\/wp-json\/wp\/v2\/media?parent=139692"}],"wp:term":[{"taxonomy":"category","embeddable":true,"href":"https:\/\/linitiative.ca\/International\/wp-json\/wp\/v2\/categories?post=139692"},{"taxonomy":"post_tag","embeddable":true,"href":"https:\/\/linitiative.ca\/International\/wp-json\/wp\/v2\/tags?post=139692"}],"curies":[{"name":"wp","href":"https:\/\/api.w.org\/{rel}","templated":true}]}}