{"id":139696,"date":"2022-01-28T12:18:03","date_gmt":"2022-01-28T17:18:03","guid":{"rendered":"https:\/\/linitiative.ca\/International\/une-mission-de-la-cedeao-attendue-au-burkina-faso-samedi\/"},"modified":"2022-01-28T12:18:03","modified_gmt":"2022-01-28T17:18:03","slug":"une-mission-de-la-cedeao-attendue-au-burkina-faso-samedi","status":"publish","type":"post","link":"https:\/\/linitiative.ca\/International\/une-mission-de-la-cedeao-attendue-au-burkina-faso-samedi\/","title":{"rendered":"Une mission de la Cedeao attendue au Burkina Faso samedi"},"content":{"rendered":"<div>\n<p><img decoding=\"async\" width=\"1280\" height=\"853\" src=\"https:\/\/linitiative.ca\/International\/wp-content\/uploads\/sites\/23\/2022\/01\/16433902832205.jpg\" class=\"attachment-post-thumbnail size-post-thumbnail wp-post-image\" alt=\"\" loading=\"lazy\" srcset=\"https:\/\/linitiative.ca\/International\/wp-content\/uploads\/sites\/23\/2022\/01\/16433902832205.jpg 1280w, https:\/\/www.journalducameroun.com\/wp-content\/uploads\/2022\/01\/16433902832205-300x200.jpg 300w, https:\/\/www.journalducameroun.com\/wp-content\/uploads\/2022\/01\/16433902832205-1024x682.jpg 1024w, https:\/\/www.journalducameroun.com\/wp-content\/uploads\/2022\/01\/16433902832205-768x512.jpg 768w, https:\/\/www.journalducameroun.com\/wp-content\/uploads\/2022\/01\/16433902832205-660x440.jpg 660w, https:\/\/www.journalducameroun.com\/wp-content\/uploads\/2022\/01\/16433902832205-600x400.jpg 600w\" sizes=\"auto, (max-width: 1280px) 100vw, 1280px\"><\/p>\n<p>Les chefs d&rsquo;Etat de la Cedeao, r\u00e9unis en Sommet extraordinaire, par visioconf\u00e9rence, ont d\u00e9cid\u00e9 vendredi de l&rsquo;envoi d&rsquo;une mission des chefs d&rsquo;Etat-major des arm\u00e9es de l&rsquo;organisation, samedi, au Burkina Faso, suite \u00e0 la prise du pouvoir par la junte militaire.<\/p>\n<p>Le pr\u00e9sident de la Commission de la Cedeao, Jean-Claude Brou, a annonc\u00e9 une mission de l&rsquo;institution au Burkina Faso, le samedi 29 janvier 2022, constitu\u00e9e des chefs d&rsquo;Etat- major des arm\u00e9es des pays membres de l&rsquo;organisation, indique une note de la pr\u00e9sidence ivoirienne. \u00a0<\/p>\n<p>Il s&rsquo;agira pour cette mission d'\u00a0\u00bb\u00e9valuer la situation, de sensibiliser les nouvelles autorit\u00e9s sur la n\u00e9cessit\u00e9 pour elles de rester dans une posture r\u00e9publicaine et d&rsquo;attirer leur attention sur les cons\u00e9quences n\u00e9gatives de leur coup de force sur le pays\u00a0\u00bb, souligne la note.\u00a0<\/p>\n<p>\tCette mission devrait \u00eatre suivie, quelques jours apr\u00e8s, par une d\u00e9l\u00e9gation minist\u00e9rielle pour \u00e9valuer la situation au niveau politique. Ensuite, sur la base des rapports qui seront produits par les deux d\u00e9l\u00e9gations, un autre Sommet des chefs d&rsquo;Etat et de gouvernement de la Cedeao sera convoqu\u00e9 pour prendre des \u00ab\u00a0d\u00e9cisions appropri\u00e9es\u00a0\u00bb, selon M. Jean-Claude Brou. \u00a0<\/p>\n<p>A l&rsquo;ouverture du Sommet, le pr\u00e9sident du Ghana, Nana Addo Dankwa Akufo Addo, le pr\u00e9sident en exercice de la Conf\u00e9rence des chefs d&rsquo;Etat et de gouvernement de la Cedeao, a indiqu\u00e9 que le coup d&rsquo;Etat perp\u00e9tr\u00e9 au Burkina Faso, le 24 janvier 2022, par une junte militaire viennent d\u00e9t\u00e9riorer davantage la situation s\u00e9curitaire dans la sous- r\u00e9gion ouest-africaine.<\/p>\n<p>\tCette situation pr\u00e9occupante, dira-t-il, doit interpeller tout le monde, et des mesures vigoureuses doivent \u00eatre prises pour la juguler, faisant observer que ce coup de force intervient six mois \u00e0 peine apr\u00e8s celui du Mali.<\/p>\n<p>\tIl rappel\u00e9 le Protocole de la Cedeao sur la d\u00e9mocratie et la bonne gouvernance, qui \u00e9nonce notamment dans ses principes, qu&rsquo;un gouvernement ou un pouvoir n&rsquo;est \u00e9tabli que par des \u00e9lections, et que tout changement anticonstitutionnel est formellement interdit et toute m\u00e9thode d&rsquo;accession au pouvoir d&rsquo;Etat par les armes est strictement proscrite.<\/p>\n<p>\tDe ce fait, il en a appel\u00e9 \u00e0 la \u00ab\u00a0Tol\u00e9rance z\u00e9ro\u00a0\u00bb par rapport \u00e0 la situation au Burkina Faso, car cette forme d&rsquo;accession au pouvoir ou d&rsquo;alternance, est une menace pour la paix, la s\u00e9curit\u00e9, la stabilit\u00e9 et le d\u00e9veloppement.\u00a0<\/p>\n<p>Il a, par ailleurs, invit\u00e9 ses homologues \u00e0 adresser vigoureusement la situation au Burkina Faso par des d\u00e9cisions fermes pour le bien-\u00eatre des populations. \u00a0Il a \u00e9galement exig\u00e9 le retour \u00e0 un pouvoir civil pour assurer et consolider la d\u00e9mocratie.<\/p>\n<p>\tM. Jean- Claude Brou a fait remarquer que le coup d&rsquo;Etat intervenu au Burkina Faso est le 3\u00e8 en 18 mois dans la sous-r\u00e9gion ouest- africaine. Cette situation exceptionnelle fait suite, selon lui, \u00e0 un contexte s\u00e9curitaire fortement d\u00e9grad\u00e9 dans ce pays, ayant entra\u00een\u00e9 de fortes tensions socio- politiques.<\/p>\n<p>\tDepuis 2015, le Burkina Faso subit des attaques de plusieurs groupes terroristes qui ont entra\u00een\u00e9 des cons\u00e9quences humanitaires, notamment, le d\u00e9placement massif des populations, le d\u00e9part des structures et institutions de l&rsquo;Etat de certaines zones du pays;<\/p>\n<p>Il a r\u00e9v\u00e9l\u00e9 qu&rsquo;\u00e0 la date du 31 d\u00e9cembre 2021, le Burkina Faso enregistrait pr\u00e8s de 1,6 million de personnes d\u00e9plac\u00e9es, dont 70% avaient moins de dix-huit (18) ans. Le pays comptait \u00e9galement 2700 \u00e9coles et 135 structures sanitaires ferm\u00e9es.<\/p>\n<p>M. Jean-Claude Brou a soulign\u00e9 que la situation s\u00e9curitaire s&rsquo;est fortement d\u00e9grad\u00e9e ces derni\u00e8res semaines avec la mort, le 14 novembre 2021, de 49 gendarmes et de 4 civils lors d&rsquo;une attaque terroriste \u00e0 l&rsquo;int\u00e9rieur du pays.<\/p>\n<p>Le chef de l&rsquo;Etat ivoirien, Alassane Ouattara, a \u00e9galement pris part, par visioconf\u00e9rence, ce vendredi 28 janvier 2022, \u00e0 \u00a0ce Sommet extraordinaire. Au terme de la c\u00e9r\u00e9monie d&rsquo;ouverture, les chefs d&rsquo;Etat et de gouvernement ont eu une session d&rsquo;\u00e9changes \u00e0 huis clos.\u00a0<\/p>\n<p>Cet article <a rel=\"nofollow\" href=\"https:\/\/www.journalducameroun.com\/une-mission-de-la-cedeao-attendue-au-burkina-faso-samedi\/\">Une mission de la Cedeao attendue au Burkina Faso samedi<\/a> est apparu en premier sur <a rel=\"nofollow\" href=\"https:\/\/www.journalducameroun.com\/\">Journal du Cameroun<\/a>.<\/p>\n<\/div>\n<p>Auteur: APA News<br \/>\n<a href=\"https:\/\/www.journalducameroun.com\/une-mission-de-la-cedeao-attendue-au-burkina-faso-samedi\/\">Cliquez ici pour lire l&rsquo;article depuis sa source.<\/a><\/p>\n","protected":false},"excerpt":{"rendered":"<p>Les chefs d&rsquo;Etat de la Cedeao, r\u00e9unis en Sommet extraordinaire, par visioconf\u00e9rence, ont d\u00e9cid\u00e9 vendredi de l&rsquo;envoi d&rsquo;une mission des chefs d&rsquo;Etat-major des arm\u00e9es de l&rsquo;organisation, samedi, au Burkina Faso, suite \u00e0 la prise du pouvoir par la junte militaire. Le pr\u00e9sident de la Commission de la Cedeao, Jean-Claude Brou, a annonc\u00e9 une mission de [&hellip;]<\/p>\n","protected":false},"author":1965,"featured_media":0,"comment_status":"closed","ping_status":"closed","sticky":false,"template":"","format":"standard","meta":{"fifu_image_url":"https:\/\/www.journalducameroun.com\/wp-content\/uploads\/2022\/01\/16433902832205.jpg","fifu_image_alt":"Une mission de la Cedeao attendue au Burkina Faso samedi","footnotes":""},"categories":[73,82],"tags":[],"class_list":["post-139696","post","type-post","status-publish","format-standard","hentry","category-actualite","category-cameroun"],"_links":{"self":[{"href":"https:\/\/linitiative.ca\/International\/wp-json\/wp\/v2\/posts\/139696","targetHints":{"allow":["GET"]}}],"collection":[{"href":"https:\/\/linitiative.ca\/International\/wp-json\/wp\/v2\/posts"}],"about":[{"href":"https:\/\/linitiative.ca\/International\/wp-json\/wp\/v2\/types\/post"}],"author":[{"embeddable":true,"href":"https:\/\/linitiative.ca\/International\/wp-json\/wp\/v2\/users\/1965"}],"replies":[{"embeddable":true,"href":"https:\/\/linitiative.ca\/International\/wp-json\/wp\/v2\/comments?post=139696"}],"version-history":[{"count":0,"href":"https:\/\/linitiative.ca\/International\/wp-json\/wp\/v2\/posts\/139696\/revisions"}],"wp:attachment":[{"href":"https:\/\/linitiative.ca\/International\/wp-json\/wp\/v2\/media?parent=139696"}],"wp:term":[{"taxonomy":"category","embeddable":true,"href":"https:\/\/linitiative.ca\/International\/wp-json\/wp\/v2\/categories?post=139696"},{"taxonomy":"post_tag","embeddable":true,"href":"https:\/\/linitiative.ca\/International\/wp-json\/wp\/v2\/tags?post=139696"}],"curies":[{"name":"wp","href":"https:\/\/api.w.org\/{rel}","templated":true}]}}