{"id":139698,"date":"2022-01-28T14:18:03","date_gmt":"2022-01-28T19:18:03","guid":{"rendered":"https:\/\/linitiative.ca\/International\/le-rwanda-va-rouvrir-sa-frontiere-avec-louganda\/"},"modified":"2022-01-28T14:18:03","modified_gmt":"2022-01-28T19:18:03","slug":"le-rwanda-va-rouvrir-sa-frontiere-avec-louganda","status":"publish","type":"post","link":"https:\/\/linitiative.ca\/International\/le-rwanda-va-rouvrir-sa-frontiere-avec-louganda\/","title":{"rendered":"Le Rwanda va rouvrir sa fronti\u00e8re avec l\u2019Ouganda"},"content":{"rendered":"<div>\n<p><img decoding=\"async\" width=\"225\" height=\"150\" src=\"https:\/\/linitiative.ca\/International\/wp-content\/uploads\/sites\/23\/2022\/01\/16433974834589.jpg\" class=\"attachment-post-thumbnail size-post-thumbnail wp-post-image\" alt=\"\" loading=\"lazy\"><\/p>\n<p>La fronti\u00e8re entre ces deux pays de l&rsquo;Afrique de l&rsquo;Est est ferm\u00e9e depuis f\u00e9vrier 2019.R\u00e9chauffement des relations entre Kigali et Kampala ! Ferm\u00e9e depuis pr\u00e8s de trois ans \u00e0 Gatuna (nord), la fronti\u00e8re entre le Rwanda et l&rsquo;Ouganda sera rouverte, a annonc\u00e9 jeudi soir, le minist\u00e8re rwandais des Affaires \u00e9trang\u00e8res, sans pr\u00e9ciser de date exacte.<\/p>\n<p>La fermeture du poste-fronti\u00e8re de Gatuna, principal point de passage par voie terrestre entre les deux voisins, a frein\u00e9 le commerce transfrontalier.<\/p>\n<p>Le Rwanda qui acc\u00e8de ainsi \u00e0 une demande de Kampala, dit esp\u00e9rer que la r\u00e9ouverture de sa fronti\u00e8re va permettre la normalisation rapide des relations avec son voisin.<\/p>\n<p>R\u00e9cemment, le fils ain\u00e9 du pr\u00e9sident ougandais, Yoweri Museveni, le g\u00e9n\u00e9ral Muhoozi Kainerugaba, commandant de l&rsquo;arm\u00e9e de terre ougandaise, s&rsquo;\u00e9tait rendu \u00e0 Kigali pour r\u00e9chauffer les relations tendues avec ce pays.<\/p>\n<p>Le Rwanda accuse l&rsquo;Ouganda de soutenir des groupes arm\u00e9s contre lui, d&rsquo;h\u00e9berger des groupes hostiles, d&rsquo;enlever et de torturer des Rwandais dans son territoire. Cela avait entra\u00een\u00e9 la fermeture de la fronti\u00e8re. Kampala a \u00e9galement accus\u00e9 Kigali de tenter d&rsquo;imposer un embargo commercial et de faire de l&rsquo;espionnage sur son territoire.<\/p>\n<p>Cet article <a rel=\"nofollow\" href=\"https:\/\/www.journalducameroun.com\/le-rwanda-va-rouvrir-sa-frontiere-avec-louganda\/\">Le Rwanda va rouvrir sa fronti\u00e8re avec l\u2019Ouganda<\/a> est apparu en premier sur <a rel=\"nofollow\" href=\"https:\/\/www.journalducameroun.com\/\">Journal du Cameroun<\/a>.<\/p>\n<\/div>\n<p>Auteur: APA News<br \/>\n<a href=\"https:\/\/www.journalducameroun.com\/le-rwanda-va-rouvrir-sa-frontiere-avec-louganda\/\">Cliquez ici pour lire l&rsquo;article depuis sa source.<\/a><\/p>\n","protected":false},"excerpt":{"rendered":"<p>La fronti\u00e8re entre ces deux pays de l&rsquo;Afrique de l&rsquo;Est est ferm\u00e9e depuis f\u00e9vrier 2019.R\u00e9chauffement des relations entre Kigali et Kampala ! Ferm\u00e9e depuis pr\u00e8s de trois ans \u00e0 Gatuna (nord), la fronti\u00e8re entre le Rwanda et l&rsquo;Ouganda sera rouverte, a annonc\u00e9 jeudi soir, le minist\u00e8re rwandais des Affaires \u00e9trang\u00e8res, sans pr\u00e9ciser de date exacte. [&hellip;]<\/p>\n","protected":false},"author":1965,"featured_media":0,"comment_status":"closed","ping_status":"closed","sticky":false,"template":"","format":"standard","meta":{"fifu_image_url":"https:\/\/www.journalducameroun.com\/wp-content\/uploads\/2022\/01\/16433974834589.jpg","fifu_image_alt":"Le Rwanda va rouvrir sa fronti\u00e8re avec l\u2019Ouganda","footnotes":""},"categories":[73,82],"tags":[],"class_list":["post-139698","post","type-post","status-publish","format-standard","hentry","category-actualite","category-cameroun"],"_links":{"self":[{"href":"https:\/\/linitiative.ca\/International\/wp-json\/wp\/v2\/posts\/139698","targetHints":{"allow":["GET"]}}],"collection":[{"href":"https:\/\/linitiative.ca\/International\/wp-json\/wp\/v2\/posts"}],"about":[{"href":"https:\/\/linitiative.ca\/International\/wp-json\/wp\/v2\/types\/post"}],"author":[{"embeddable":true,"href":"https:\/\/linitiative.ca\/International\/wp-json\/wp\/v2\/users\/1965"}],"replies":[{"embeddable":true,"href":"https:\/\/linitiative.ca\/International\/wp-json\/wp\/v2\/comments?post=139698"}],"version-history":[{"count":0,"href":"https:\/\/linitiative.ca\/International\/wp-json\/wp\/v2\/posts\/139698\/revisions"}],"wp:attachment":[{"href":"https:\/\/linitiative.ca\/International\/wp-json\/wp\/v2\/media?parent=139698"}],"wp:term":[{"taxonomy":"category","embeddable":true,"href":"https:\/\/linitiative.ca\/International\/wp-json\/wp\/v2\/categories?post=139698"},{"taxonomy":"post_tag","embeddable":true,"href":"https:\/\/linitiative.ca\/International\/wp-json\/wp\/v2\/tags?post=139698"}],"curies":[{"name":"wp","href":"https:\/\/api.w.org\/{rel}","templated":true}]}}