{"id":13970,"date":"2019-02-13T18:18:03","date_gmt":"2019-02-13T23:18:03","guid":{"rendered":"https:\/\/linitiative.ca\/International\/le-maroc-et-lespagne-signent-11-accords-de-cooperation\/"},"modified":"2019-02-13T18:18:03","modified_gmt":"2019-02-13T23:18:03","slug":"le-maroc-et-lespagne-signent-11-accords-de-cooperation","status":"publish","type":"post","link":"https:\/\/linitiative.ca\/International\/le-maroc-et-lespagne-signent-11-accords-de-cooperation\/","title":{"rendered":"Le Maroc et l\u2019Espagne signent 11 accords de coop\u00e9ration"},"content":{"rendered":"<div readability=\"32\">\n<p>Publi\u00e9 le 14.02.2019 \u00e0 00h18 par APA News<\/p>\n<\/div>\n<div readability=\"70\">\n<p>Le Roi Mohammed VI et le Souverain d\u2019Espagne, le Roi Don Felipe VI, ont pr\u00e9sid\u00e9, mercredi \u00e0 Rabat, la c\u00e9r\u00e9monie de signature de 11 accords de coop\u00e9ration bilat\u00e9rale dans plusieurs domaines.Ces accords, qui visent \u00e0 donner une nouvelle impulsion aux relations de coop\u00e9ration maroco-espagnoles, t\u00e9moignent de la profondeur et de la qualit\u00e9 des relations bilat\u00e9rales, ainsi que de la volont\u00e9 des deux pays de consolider le partenariat strat\u00e9gique multidimensionnel qui les lie.<\/p>\n<p>Ainsi, ces accords portent sur la donation irr\u00e9vocable du Grand Th\u00e9\u00e2tre Cervantes de Tanger, la lutte contre la criminalit\u00e9, l\u2019\u00e9tablissement d\u2019un partenariat strat\u00e9gique en mati\u00e8re d\u2019\u00e9nergie et le d\u00e9veloppement d\u2019une troisi\u00e8me interconnexion \u00e9lectrique Maroc-Espagne.<\/p>\n<p>Les autres accords concernent la promotion de la Culture et des Sports \u00e0 travers la coop\u00e9ration en mati\u00e8re de Mus\u00e9es et l\u2019organisation au Palais Royal \u00e0 Madrid d\u2019une exposition sur les collections royales des deux pays.<\/p>\n<p>Ls deux pays ont \u00e9galement sign\u00e9 un m\u00e9morandum de collaboration avanc\u00e9e pour la mise en \u0153uvre du dispositif de facilitation des flux du commerce et des passagers au niveau du D\u00e9troit de Gibraltar et un autre m\u00e9morandum d\u2019entente entre la Royal Air Maroc (RAM) et IBERIA Airlines.<\/p>\n<p><ins data-revive-zoneid=\"9\" data-revive-id=\"10111e19d28d19d031742ee3b0b33eb0\"\/> <\/p>\n<p>Le dernier accord est un m\u00e9morandum d\u2019entente pour l\u2019assistance et la coop\u00e9ration mutuelle entre l\u2019Autorit\u00e9 marocaine du march\u00e9 des capitaux (AMMC) et la Commission Nationale du March\u00e9 des Valeurs (CNMV \u2013 Espagne).<\/p>\n<p>Le roi Don Felipe VI et la reine Dona Letizia, Souverains du Royaume d\u2019Espagne, sont arriv\u00e9s, mercredi en fin d\u2019apr\u00e8s-midi, \u00e0 Rabat pour une visite officielle de deux jours au Maroc, \u00e0 l\u2019invitation de du Roi Mohammed VI.<\/p>\n<\/div>\n<p>Auteur: APA News<br \/>\n<a href=\"https:\/\/www.journalducameroun.com\/le-maroc-et-lespagne-signent-11-accords-de-cooperation\/\">Cliquez ici pour lire l&rsquo;article depuis sa source.<\/a><\/p>\n","protected":false},"excerpt":{"rendered":"<p>Publi\u00e9 le 14.02.2019 \u00e0 00h18 par APA News Le Roi Mohammed VI et le Souverain d\u2019Espagne, le Roi Don Felipe VI, ont pr\u00e9sid\u00e9, mercredi \u00e0 Rabat, la c\u00e9r\u00e9monie de signature de 11 accords de coop\u00e9ration bilat\u00e9rale dans plusieurs domaines.Ces accords, qui visent \u00e0 donner une nouvelle impulsion aux relations de coop\u00e9ration maroco-espagnoles, t\u00e9moignent de la [&hellip;]<\/p>\n","protected":false},"author":1965,"featured_media":0,"comment_status":"closed","ping_status":"closed","sticky":false,"template":"","format":"standard","meta":{"fifu_image_url":"","fifu_image_alt":"","footnotes":""},"categories":[73,82],"tags":[],"class_list":["post-13970","post","type-post","status-publish","format-standard","hentry","category-actualite","category-cameroun"],"_links":{"self":[{"href":"https:\/\/linitiative.ca\/International\/wp-json\/wp\/v2\/posts\/13970","targetHints":{"allow":["GET"]}}],"collection":[{"href":"https:\/\/linitiative.ca\/International\/wp-json\/wp\/v2\/posts"}],"about":[{"href":"https:\/\/linitiative.ca\/International\/wp-json\/wp\/v2\/types\/post"}],"author":[{"embeddable":true,"href":"https:\/\/linitiative.ca\/International\/wp-json\/wp\/v2\/users\/1965"}],"replies":[{"embeddable":true,"href":"https:\/\/linitiative.ca\/International\/wp-json\/wp\/v2\/comments?post=13970"}],"version-history":[{"count":0,"href":"https:\/\/linitiative.ca\/International\/wp-json\/wp\/v2\/posts\/13970\/revisions"}],"wp:attachment":[{"href":"https:\/\/linitiative.ca\/International\/wp-json\/wp\/v2\/media?parent=13970"}],"wp:term":[{"taxonomy":"category","embeddable":true,"href":"https:\/\/linitiative.ca\/International\/wp-json\/wp\/v2\/categories?post=13970"},{"taxonomy":"post_tag","embeddable":true,"href":"https:\/\/linitiative.ca\/International\/wp-json\/wp\/v2\/tags?post=13970"}],"curies":[{"name":"wp","href":"https:\/\/api.w.org\/{rel}","templated":true}]}}