{"id":139700,"date":"2022-01-28T17:18:03","date_gmt":"2022-01-28T22:18:03","guid":{"rendered":"https:\/\/linitiative.ca\/International\/mali-qui-a-tue-les-civils-mauritaniens-pres-de-nara\/"},"modified":"2022-01-28T17:18:03","modified_gmt":"2022-01-28T22:18:03","slug":"mali-qui-a-tue-les-civils-mauritaniens-pres-de-nara","status":"publish","type":"post","link":"https:\/\/linitiative.ca\/International\/mali-qui-a-tue-les-civils-mauritaniens-pres-de-nara\/","title":{"rendered":"Mali: Qui a tu\u00e9 les civils mauritaniens pr\u00e8s de Nara?"},"content":{"rendered":"<div>\n<p><img decoding=\"async\" width=\"828\" height=\"492\" src=\"https:\/\/linitiative.ca\/International\/wp-content\/uploads\/sites\/23\/2022\/01\/16434082831058.jpg\" class=\"attachment-post-thumbnail size-post-thumbnail wp-post-image\" alt=\"\" loading=\"lazy\" srcset=\"https:\/\/linitiative.ca\/International\/wp-content\/uploads\/sites\/23\/2022\/01\/16434082831058.jpg 828w, https:\/\/www.journalducameroun.com\/wp-content\/uploads\/2022\/01\/16434082831058-300x178.jpg 300w, https:\/\/www.journalducameroun.com\/wp-content\/uploads\/2022\/01\/16434082831058-768x456.jpg 768w, https:\/\/www.journalducameroun.com\/wp-content\/uploads\/2022\/01\/16434082831058-740x440.jpg 740w, https:\/\/www.journalducameroun.com\/wp-content\/uploads\/2022\/01\/16434082831058-600x357.jpg 600w\" sizes=\"auto, (max-width: 828px) 100vw, 828px\"><\/p>\n<p>L&rsquo;agence Saharamedias a enqu\u00eat\u00e9 sur le massacre des civils mauritaniens dans la r\u00e9gion de Nara pr\u00e8s de la fronti\u00e8re entre le Mali et la Mauritanie.La Mauritanie et le Mali ont constitu\u00e9 une commission pour enqu\u00eater sur les circonstances du meurtre, le 17 janvier 2022, de sept Mauritaniens dans le territoire malien, un incident entour\u00e9 de myst\u00e8re du fait qu&rsquo;il s&rsquo;est d\u00e9roul\u00e9 dans une r\u00e9gion instable marqu\u00e9e par des affrontements quasi quotidiens entre l&rsquo;arm\u00e9e malienne et les \u00ab\u00a0combattants d&rsquo;Al-Qa\u00efda \u00bb.<\/p>\n<p>Apr\u00e8s dix jours ce drame, des donn\u00e9es commencent \u00e0 se filtrer, ce qui pourrait aider \u00e0 d\u00e9terminer la partie \u00e0 l&rsquo;origine du meurtre des sept Mauritaniens, malgr\u00e9 le grand secret qui entoure le processus d&rsquo;enqu\u00eate en raison de la sensibilit\u00e9 de la situation.<\/p>\n<p>Charnier !<\/p>\n<p>L&rsquo;histoire relat\u00e9e par les familles des victimes fait \u00e9tat de 15 personnes mortes dans une fosse commune, dont sept Mauritaniens et huit autres, qui se disent \u00ab\u00a0de nationalit\u00e9 malienne\u00a0\u00bb.<\/p>\n<p>Selon les r\u00e9v\u00e9lations des familles des victimes, le charnier a \u00e9t\u00e9 d\u00e9couvert dans la r\u00e9gion zone de Tchilit Telbekeru (Tabakoro, selon l&rsquo;orthographe officielle au Mali) o\u00f9 se trouve (Adabay Aba Ali), une zone \u00e0 plus de 70 kilom\u00e8tres de la fronti\u00e8re mauritanienne \u00e0 l&rsquo;int\u00e9rieur du territoire malien, et situ\u00e9e au sud-est de la ville de \u00a0Nara \u00a0dont elle rel\u00e8ve administrativement.<\/p>\n<p>C&rsquo;est une zone habit\u00e9e par des personnes appartenant aux ethnies peuls et sonink\u00e9s dans de tr\u00e8s petits villages, qui vivent de l&rsquo;agriculture irrigu\u00e9e et de l&rsquo;\u00e9levage, en particulier des vaches, et qui ont un lien \u00e9troit avec les march\u00e9s mauritaniens voisins.<\/p>\n<p>Il y a des for\u00eats et des buissons dans la r\u00e9gion, o\u00f9 des affrontements se produisent souvent entre l&rsquo;arm\u00e9e et les combattants jihadistes peuls originaire de la r\u00e9gion du Macina (Centre du Mali) affili\u00e9s \u00e0 Al-Qa\u00efda au Maghreb islamique (Aqmi).<\/p>\n<p>Dans des rapports publi\u00e9s sur son site Internet, l&rsquo;arm\u00e9e malienne affirme que la r\u00e9gion dispose de bases logistiques appartenant au groupe jihadiste du Macina, \u00e0 l&rsquo;int\u00e9rieur des for\u00eats et des buissons.<\/p>\n<p>Version officielle<\/p>\n<p>Le gouvernement malien et apr\u00e8s une r\u00e9union avec une d\u00e9l\u00e9gation mauritanienne dirig\u00e9e par le ministre des affaires \u00e9trang\u00e8res, samedi dernier, a publi\u00e9 sa premi\u00e8re d\u00e9claration sur l&rsquo;incident qui comprenait des informations importantes sur la date et le lieu de ce drame.<\/p>\n<p>Dans le communiqu\u00e9 publi\u00e9 par le minist\u00e8re de l&rsquo;Int\u00e9rieur, le gouvernement malien a indiqu\u00e9 que la d\u00e9l\u00e9gation mauritanienne l&rsquo;avait inform\u00e9 d&rsquo;un \u00ab incident survenu le 17 janvier 2022 et qui a fait sept morts parmi les citoyens mauritaniens, entre de Tabakoro et Akor dans la r\u00e9gion de Nara r\u00e9gion \u00bb.<\/p>\n<p>Ainsi, la version officielle mauritanienne rapport\u00e9e aux Maliens confirme le r\u00e9cit des familles, car il parlait de la m\u00eame zone o\u00f9 les proches des victimes ont trouv\u00e9 le \u00ab charnier \u00bb.<\/p>\n<p>Cependant, les autorit\u00e9s maliennes ont cat\u00e9goriquement ni\u00e9 leur implication dans l&rsquo;incident, et confirm\u00e9 que \u00ab\u00a0jusqu&rsquo;\u00e0 pr\u00e9sent, il n&rsquo;y a aucune preuve de l&rsquo;implication des forces de s\u00e9curit\u00e9 et de d\u00e9fense maliennes\u00a0\u00bb, selon le texte du communiqu\u00e9.<\/p>\n<p>Version de l&rsquo;arm\u00e9e<\/p>\n<p>Pour recueillir la version de l&rsquo;arm\u00e9e malienne, \u00ab\u00a0Saharamedias\u00a0\u00bb a contact\u00e9, samedi dernier, le colonel Soulaymane Dembele, Directeur de la communication de l&rsquo;arm\u00e9e malienne, et l&rsquo;a interrog\u00e9 sur le meurtre de sept Mauritaniens \u00e0 l&rsquo;int\u00e9rieur du territoire.<\/p>\n<p>Le colonel malien a d\u00e9clar\u00e9 que \u00ab L&rsquo;arm\u00e9e m\u00e8ne des op\u00e9rations militaires dans cette zone, mais je ne sais pas si elle a tu\u00e9 des citoyens Mauritaniens \u00bb.\u00a0Il a refus\u00e9 de donner \u00a0informations suppl\u00e9mentaires en se contentant de d\u00e9clarer que : \u00ab\u00a0Nous publions des informations relatives \u00e0 toutes nos op\u00e9rations militaires via notre site officiel.\u00a0\u00bb Mercredi, le colonel Soulaymane Dembele a publi\u00e9 sur le site internet de l&rsquo;arm\u00e9e malienne, un communiqu\u00e9 dans lequel il parle d&rsquo;une op\u00e9ration militaire offensive dans la r\u00e9gion de \u00ab Nara \u00bb, plus pr\u00e9cis\u00e9ment dans l&rsquo;axe reliant \u00ab Akor \u00bb et \u00ab Tabakoro \u00bb, la m\u00eame route signal\u00e9e pr\u00e9c\u00e9demment dans le communiqu\u00e9 du minist\u00e8re malien de l&rsquo;Int\u00e9rieur.<\/p>\n<p>Le communiqu\u00e9 publi\u00e9 par l&rsquo;\u00e9tat-major de l&rsquo;arm\u00e9e malienne, et sign\u00e9 par le directeur de la communication de l&rsquo;arm\u00e9e, indique que l&rsquo;op\u00e9ration militaire a d\u00e9but\u00e9 le lundi 17 janvier, jour m\u00eame de la mort des Mauritaniens, selon la version officielle et civile, et s&rsquo;est termin\u00e9e samedi, 22 janvier 2022, le jour m\u00eame o\u00f9 la d\u00e9l\u00e9gation mauritanienne s&rsquo;est rendue \u00e0 Bamako pour s&rsquo;informer des circonstances li\u00e9es au meurtre de sept Mauritaniens.<\/p>\n<p>L&rsquo;arm\u00e9e malienne a annonc\u00e9 dans son communiqu\u00e9 que l&rsquo;op\u00e9ration militaire s&rsquo;\u00e9tait sold\u00e9e par la mort de 28 \u00ab\u00a0terroristes\u00a0\u00bb et la destruction de \u00ab\u00a0bases terroristes\u00a0\u00bb lors d&rsquo;op\u00e9rations de ratissage dans les for\u00eats de \u00ab\u00a0Naoulena\u00a0\u00bb et de \u00ab\u00a0Bamadjougou\u00a0\u00bb.<\/p>\n<p>Cependant, l&rsquo;arm\u00e9e n&rsquo;a pas li\u00e9 cette op\u00e9ration au meurtre des sept Mauritaniens, m\u00eame si la zone dans laquelle elle a eu lieu est la m\u00eame o\u00f9 a \u00e9t\u00e9 d\u00e9couvert un \u00ab charnier \u00bb dans lequel les sept Mauritaniens et huit maliens ont \u00e9t\u00e9 retrouv\u00e9s.<\/p>\n<p>Armes russes !<\/p>\n<p>Le fait est que cette r\u00e9gion du Mali vit de l&rsquo;impact des affrontements quasi quotidiens entre l&rsquo;arm\u00e9e et les combattants d&rsquo;Al-Qa\u00efda, lesquels se sont transform\u00e9s en une sorte de \u00ab guerre civile \u00bb \u00e0 caract\u00e8re ethnique.<\/p>\n<p>Ces affrontements ont pouss\u00e9 des centaines d&rsquo;habitants locaux \u00e0 fuir vers la Mauritanie voisine et plus pr\u00e9cis\u00e9ment dans le localit\u00e9 \u00a0d&rsquo;Adel Bagrou qui jouxte les zones d&rsquo;affrontement.<\/p>\n<p>L&rsquo;arm\u00e9e malienne parle de \u00ab grandes victoires \u00bb remport\u00e9es contre ce qu&rsquo;elle appelle les \u00ab terroristes \u00bb, victoires qu&rsquo;elle attribue \u00e0 l&rsquo;obtention de nouvelles armes russes, qui lui ont permis de retourner l&rsquo;\u00e9quation en sa faveur.<\/p>\n<p>L&rsquo;arm\u00e9e malienne a publi\u00e9 des images de certaines de ces armes, qui selon elle \u00e9taient de fabrication russe, et lui permettaient de d\u00e9truire des cibles \u00e0 10 kilom\u00e8tres. Et d&rsquo;ajouter qu&rsquo;il suffit d&rsquo;obtenir les coordonn\u00e9es de la cible pour la d\u00e9truire compl\u00e8tement gr\u00e2ce \u00e0 ces roquettes de fabrication russe.<\/p>\n<p>Cependant, l&rsquo;utilisation de ces armes fait craindre une augmentation des pertes civiles, dans une r\u00e9gion vivant une situation s\u00e9curitaire, sociale et \u00e9conomique difficile, avec des complications croissantes d&rsquo;ordre ethnique.<\/p>\n<p>Face \u00e0 cette situation difficile, la Mauritanie et le Mali ont form\u00e9 une commission mixte pour s\u00e9curiser les fronti\u00e8res entre les deux pays, et faciliter la circulation des personnes et des biens de part et d&rsquo;autre de la fronti\u00e8re.<\/p>\n<p>Le pays du Mali, qui fait face \u00e0 un blocus de la Communaut\u00e9 \u00e9conomique des \u00c9tats de l&rsquo;Afrique de l&rsquo;Ouest (CEDEAO), mise sur la Mauritanie afin d&rsquo;assurer l&rsquo;approvisionnement de son march\u00e9.<\/p>\n<p>Cet article <a rel=\"nofollow\" href=\"https:\/\/www.journalducameroun.com\/mali-qui-a-tue-les-civils-mauritaniens-pres-de-nara\/\">Mali: Qui a tu\u00e9 les civils mauritaniens pr\u00e8s de Nara?<\/a> est apparu en premier sur <a rel=\"nofollow\" href=\"https:\/\/www.journalducameroun.com\/\">Journal du Cameroun<\/a>.<\/p>\n<\/div>\n<p>Auteur: APA News<br \/>\n<a href=\"https:\/\/www.journalducameroun.com\/mali-qui-a-tue-les-civils-mauritaniens-pres-de-nara\/\">Cliquez ici pour lire l&rsquo;article depuis sa source.<\/a><\/p>\n","protected":false},"excerpt":{"rendered":"<p>L&rsquo;agence Saharamedias a enqu\u00eat\u00e9 sur le massacre des civils mauritaniens dans la r\u00e9gion de Nara pr\u00e8s de la fronti\u00e8re entre le Mali et la Mauritanie.La Mauritanie et le Mali ont constitu\u00e9 une commission pour enqu\u00eater sur les circonstances du meurtre, le 17 janvier 2022, de sept Mauritaniens dans le territoire malien, un incident entour\u00e9 de [&hellip;]<\/p>\n","protected":false},"author":1965,"featured_media":0,"comment_status":"closed","ping_status":"closed","sticky":false,"template":"","format":"standard","meta":{"fifu_image_url":"https:\/\/www.journalducameroun.com\/wp-content\/uploads\/2022\/01\/16434082831058.jpg","fifu_image_alt":"Mali: Qui a tu\u00e9 les civils mauritaniens pr\u00e8s de Nara?","footnotes":""},"categories":[73,82],"tags":[],"class_list":["post-139700","post","type-post","status-publish","format-standard","hentry","category-actualite","category-cameroun"],"_links":{"self":[{"href":"https:\/\/linitiative.ca\/International\/wp-json\/wp\/v2\/posts\/139700","targetHints":{"allow":["GET"]}}],"collection":[{"href":"https:\/\/linitiative.ca\/International\/wp-json\/wp\/v2\/posts"}],"about":[{"href":"https:\/\/linitiative.ca\/International\/wp-json\/wp\/v2\/types\/post"}],"author":[{"embeddable":true,"href":"https:\/\/linitiative.ca\/International\/wp-json\/wp\/v2\/users\/1965"}],"replies":[{"embeddable":true,"href":"https:\/\/linitiative.ca\/International\/wp-json\/wp\/v2\/comments?post=139700"}],"version-history":[{"count":0,"href":"https:\/\/linitiative.ca\/International\/wp-json\/wp\/v2\/posts\/139700\/revisions"}],"wp:attachment":[{"href":"https:\/\/linitiative.ca\/International\/wp-json\/wp\/v2\/media?parent=139700"}],"wp:term":[{"taxonomy":"category","embeddable":true,"href":"https:\/\/linitiative.ca\/International\/wp-json\/wp\/v2\/categories?post=139700"},{"taxonomy":"post_tag","embeddable":true,"href":"https:\/\/linitiative.ca\/International\/wp-json\/wp\/v2\/tags?post=139700"}],"curies":[{"name":"wp","href":"https:\/\/api.w.org\/{rel}","templated":true}]}}