{"id":139704,"date":"2022-01-28T07:50:30","date_gmt":"2022-01-28T12:50:30","guid":{"rendered":"https:\/\/linitiative.ca\/International\/le-gouvernement-demande-aux-industries-de-reduire-leur-consommation-denergie-pendant-la-can\/"},"modified":"2022-01-28T07:50:30","modified_gmt":"2022-01-28T12:50:30","slug":"le-gouvernement-demande-aux-industries-de-reduire-leur-consommation-denergie-pendant-la-can","status":"publish","type":"post","link":"https:\/\/linitiative.ca\/International\/le-gouvernement-demande-aux-industries-de-reduire-leur-consommation-denergie-pendant-la-can\/","title":{"rendered":"Le gouvernement demande aux industries de r\u00e9duire leur consommation d\u2019\u00e9nergie pendant la CAN"},"content":{"rendered":"<div>\n<p>Les m\u00e9nages camerounais sont confront\u00e9s ces derniers jours \u00e0 d\u2019intempestives coupures d\u2019\u00e9lectricit\u00e9, en pleine Coupe d\u2019Afrique des nations de football, alors m\u00eame que l\u2019entreprise Energy of Cameroon (Eneo), le concessionnaire du service public en charge de la distribution de l\u2019\u00e9lectricit\u00e9 au Cameroun avait garanti, peu devant le d\u00e9but de cette comp\u00e9tition, qu\u2019elle avait investi pas moins de 5 milliards de FCFA pour am\u00e9liorer l\u2019offre \u00e9nerg\u00e9tique pendant cette p\u00e9riode. M\u00eame s\u2019il faut reconnaitre que ces d\u00e9sagr\u00e9ments ne sont pas imputables au seul segment de la distribution contr\u00f4l\u00e9e par Eneo, et que le transport de l\u2019\u00e9nergie a souvent fait \u00e9galement d\u00e9faut, le ministre de l\u2019Eau et de l\u2019Energie, Gaston Eloundou Essomba, croit connaitre la cause de cette situation.<\/p>\n<p><strong>Lire aussi : <a href=\"https:\/\/ecomatin.net\/eneo-investit-2-milliards-s-de-fcfa-pour-ameliorer-son-offre-energetique-a-yaounde-durant-la-can-2021\/\">Eneo investit 5,2 milliards de FCFA dans les trav<\/a><\/strong><a href=\"https:\/\/ecomatin.net\/eneo-investit-2-milliards-s-de-fcfa-pour-ameliorer-son-offre-energetique-a-yaounde-durant-la-can-2021\/\"><strong>aux pr\u00e9paratoires \u00e0 la CAN 2021<\/strong><\/a><\/p>\n<p>Pour lui, les coupures \u00e9lectriques de ces derniers jours peuvent se justifier par une consommation gargantuesque des industries r\u00e9put\u00e9es \u00e9nerg\u00e9tivores. Dans une correspondance adress\u00e9e le 20 janvier dernier \u00e0 certains\u00a0producteurs de ciment et aux entreprises situ\u00e9es dans les zones industrielles de Douala, dans le d\u00e9partement du Moungo, dans les r\u00e9gions du Sud-Ouest et de l\u2019Ouest,\u00a0Gaston Eloundou Essomba les invite \u00e0 une consommation rationnelle de l\u2019\u00e9nergie, afin de permettre aux m\u00e9nages d\u2019en disposer \u00e9galement durant cette CAN 2021.\u00a0\u00ab\u2009\u00c0 cet effet, vous voudrez bien convenir avec la soci\u00e9t\u00e9 Eneo d\u2019un plan d\u2019action ayant pour seul objectif de permettre d\u2019\u00e9viter des d\u00e9lestages aux m\u00e9nages pendant cet \u00e9v\u00e8nement\u2009\u00bb, \u00e9crit le membre du gouvernement.\u00a0<\/p>\n<p>Et pour parvenir \u00e0 une consommation rationnelle de la part de ces industries, elles sont contraintes de revoir \u00e0 la baisse leurs objectifs de production, le temps de la comp\u00e9tition. Visiblement, cette option pr\u00e9conis\u00e9e par le ministre ne devrait pas se limiter seulement \u00e0 la CAN. Nos confr\u00e8res du site d\u2019informations Investir au Cameroun croient savoir que \u00ab\u00a0la sortie du ministre de l\u2019Eau et de l\u2019\u00c9nergie du 20 janvier dernier ne semble pas avoir \u00e9t\u00e9 simplement guid\u00e9e par le d\u00e9sir de saisir officiellement les entreprises invit\u00e9es \u00e0 r\u00e9duire les consommations. Certains y voient une envie de voir les entreprises fournir davantage d\u2019effort dans ce sens, apr\u00e8s l\u2019\u00e9chec de l\u2019op\u00e9ration d\u2019installation de certains \u00e9quipements au poste d\u2019interconnexion de Logbaba le 15 janvier 2022\u00a0\u00bb. Une source contact\u00e9e par nos confr\u00e8res indique que les \u00e9quipements de la Soci\u00e9t\u00e9 nationale de transport de l\u2019\u00e9lectricit\u00e9 \u00ab\u00a0doivent absolument \u00eatre install\u00e9s, parce qu\u2019apr\u00e8s la CAN la situation pourrait davantage se compliquer. En ce moment, 80% des d\u00e9lestages que subissent les m\u00e9nages sont li\u00e9s aux difficult\u00e9s sur le r\u00e9seau de transport\u2009\u00bb, apprend-on.<\/p>\n<p>L\u2019article <a rel=\"nofollow\" href=\"https:\/\/ecomatin.net\/le-gouvernement-demande-aux-industries-de-reduire-leur-consommation-denergie-pendant-la-can\/\">Le gouvernement demande aux industries de r\u00e9duire leur consommation d\u2019\u00e9nergie pendant la CAN<\/a> est apparu en premier sur <a rel=\"nofollow\" href=\"https:\/\/ecomatin.net\/\">EcoMatin<\/a>.<\/p>\n<\/div>\n<p>Auteur: Yannick KENNE<br \/>\n<a href=\"https:\/\/ecomatin.net\/le-gouvernement-demande-aux-industries-de-reduire-leur-consommation-denergie-pendant-la-can\/\">Cliquez ici pour lire l&rsquo;article depuis sa source.<\/a><\/p>\n","protected":false},"excerpt":{"rendered":"<p>Les m\u00e9nages camerounais sont confront\u00e9s ces derniers jours \u00e0 d\u2019intempestives coupures d\u2019\u00e9lectricit\u00e9, en pleine Coupe d\u2019Afrique des nations de football, alors m\u00eame que l\u2019entreprise Energy of Cameroon (Eneo), le concessionnaire du service public en charge de la distribution de l\u2019\u00e9lectricit\u00e9 au Cameroun avait garanti, peu devant le d\u00e9but de cette comp\u00e9tition, qu\u2019elle avait investi pas [&hellip;]<\/p>\n","protected":false},"author":1969,"featured_media":0,"comment_status":"closed","ping_status":"closed","sticky":false,"template":"","format":"standard","meta":{"fifu_image_url":"","fifu_image_alt":"","footnotes":""},"categories":[82,78],"tags":[],"class_list":["post-139704","post","type-post","status-publish","format-standard","hentry","category-cameroun","category-economie"],"_links":{"self":[{"href":"https:\/\/linitiative.ca\/International\/wp-json\/wp\/v2\/posts\/139704","targetHints":{"allow":["GET"]}}],"collection":[{"href":"https:\/\/linitiative.ca\/International\/wp-json\/wp\/v2\/posts"}],"about":[{"href":"https:\/\/linitiative.ca\/International\/wp-json\/wp\/v2\/types\/post"}],"author":[{"embeddable":true,"href":"https:\/\/linitiative.ca\/International\/wp-json\/wp\/v2\/users\/1969"}],"replies":[{"embeddable":true,"href":"https:\/\/linitiative.ca\/International\/wp-json\/wp\/v2\/comments?post=139704"}],"version-history":[{"count":0,"href":"https:\/\/linitiative.ca\/International\/wp-json\/wp\/v2\/posts\/139704\/revisions"}],"wp:attachment":[{"href":"https:\/\/linitiative.ca\/International\/wp-json\/wp\/v2\/media?parent=139704"}],"wp:term":[{"taxonomy":"category","embeddable":true,"href":"https:\/\/linitiative.ca\/International\/wp-json\/wp\/v2\/categories?post=139704"},{"taxonomy":"post_tag","embeddable":true,"href":"https:\/\/linitiative.ca\/International\/wp-json\/wp\/v2\/tags?post=139704"}],"curies":[{"name":"wp","href":"https:\/\/api.w.org\/{rel}","templated":true}]}}