{"id":139711,"date":"2022-01-29T06:25:31","date_gmt":"2022-01-29T11:25:31","guid":{"rendered":"https:\/\/linitiative.ca\/International\/agadir-ida-outanane-m-sadiki-visite-plusieurs-sites-et-projets-de-la-peche-maritime-et-daquaculture\/"},"modified":"2022-01-29T06:25:31","modified_gmt":"2022-01-29T11:25:31","slug":"agadir-ida-outanane-m-sadiki-visite-plusieurs-sites-et-projets-de-la-peche-maritime-et-daquaculture","status":"publish","type":"post","link":"https:\/\/linitiative.ca\/International\/agadir-ida-outanane-m-sadiki-visite-plusieurs-sites-et-projets-de-la-peche-maritime-et-daquaculture\/","title":{"rendered":"Agadir Ida-Outanane: M.Sadiki visite plusieurs sites et projets de la p\u00eache maritime et d\u2019aquaculture"},"content":{"rendered":"<div>\n<p><img loading=\"lazy\" decoding=\"async\" width=\"300\" height=\"153\" src=\"https:\/\/linitiative.ca\/International\/wp-content\/uploads\/sites\/23\/2022\/01\/Agadir-Ida-Outanane-300x153-1.jpg\" class=\"attachment-medium size-medium wp-post-image\" alt=\"\" srcset=\"https:\/\/linitiative.ca\/International\/wp-content\/uploads\/sites\/23\/2022\/01\/Agadir-Ida-Outanane-300x153-1.jpg 300w, https:\/\/aujourdhui.ma\/wp-content\/uploads\/2022\/01\/Agadir-Ida-Outanane-274x140.jpg 274w, https:\/\/aujourdhui.ma\/wp-content\/uploads\/2022\/01\/Agadir-Ida-Outanane.jpg 746w, https:\/\/aujourdhui.ma\/wp-content\/uploads\/2022\/01\/Agadir-Ida-Outanane-165x84.jpg 165w, https:\/\/aujourdhui.ma\/wp-content\/uploads\/2022\/01\/Agadir-Ida-Outanane-702x358.jpg 702w\" sizes=\"auto, (max-width: 300px) 100vw, 300px\"><\/p>\n<div dir=\"auto\"><strong>Le ministre de l\u2019Agriculture, de la P\u00eache Maritime, du D\u00e9veloppement Rural et des Eaux et For\u00eats, Mohammed Sadiki, a effectu\u00e9 vendredi, une visite de terrain \u00e0 plusieurs sites et projets de la p\u00eache maritime et d\u2019aquaculture lanc\u00e9s au niveau de la la pr\u00e9fecture d\u2019Agadir Ida-Outanane dans la r\u00e9gion de Souss-Massa.<\/strong><\/div>\n<p><span id=\"more-398583\"><\/span><\/p>\n<div dir=\"auto\"><\/div>\n<div dir=\"auto\">Ainsi, M.Sadiki a visit\u00e9 les infrastructures du port de p\u00eache d\u2019Agadir am\u00e9nag\u00e9 sur une superficie de 58 ha de terre-pleins. Il dispose de superstructures, dont une halle aux poissons sur une superficie d\u2019environ 6000 m\u00b2, une halle aux poissons d\u00e9di\u00e9e \u00e0 la p\u00eache artisanale d\u2019une superficie de 600 m\u00b2, d\u2019un comptoir d\u2019agr\u00e9age du poisson industriel d\u2019une superficie de 90 m2, de 20 magasins pour les mareyeurs et 352 magasins pour les armateurs.<\/div>\n<div dir=\"auto\"><\/div>\n<div dir=\"auto\">Il dispose \u00e9galement de 23 chantiers de construction et de r\u00e9paration des navires de p\u00eache, 8 ateliers artisanaux de construction et de r\u00e9paration des barques de p\u00eache, 17 entrep\u00f4ts frigorifiques d\u2019une capacit\u00e9 de 21 000 T, 04 Fabriques de glace d\u2019une capacit\u00e9 totale de 400 T\/jour et 3 stations de carburant.<\/div>\n<div dir=\"auto\"><\/div>\n<div dir=\"auto\">Accompagn\u00e9 du Pr\u00e9sident de la Chambre des P\u00eaches Maritimes Atlantique Centre, le ministre a effectu\u00e9 \u00e9galement, une visite au Point de D\u00e9barquement Am\u00e9nag\u00e9 d\u2019Imourane inaugur\u00e9 par SM le Roi Mohammed VI le 7 F\u00e9vrier 2020 et qui s\u2019inscrit dans le cadre de la strat\u00e9gie nationale de d\u00e9veloppement de la p\u00eache artisanale.<\/div>\n<div dir=\"auto\"><\/div>\n<div dir=\"auto\">Install\u00e9 sur une superficie de 2 ha (dont 2 465 m2 couvertes), le projet se compose d\u2019une zone d\u2019activit\u00e9, d\u2019une zone d\u2019exploitation commerciale et d\u2019une zone administrative et socio-collective.<\/div>\n<div dir=\"auto\"><\/div>\n<div dir=\"auto\">D\u2019un co\u00fbt de 24,6 MDH, le projet financ\u00e9 par l\u2019Union Europ\u00e9enne (UE), profite \u00e0 180 marins (60 barques) et permet d\u2019am\u00e9liorer les conditions de travail et de vie des p\u00eacheurs artisans, d\u2019am\u00e9liorer la qualit\u00e9 et la valorisation des produits d\u00e9barqu\u00e9s, d\u2019organiser et d\u2019encadrer la profession et de cr\u00e9er des micro-p\u00f4les de d\u00e9veloppement pour lutter contre la pauvret\u00e9 et la pr\u00e9carit\u00e9.<\/div>\n<div dir=\"auto\"><\/div>\n<div dir=\"auto\"><a href=\"https:\/\/linitiative.ca\/International\/wp-content\/uploads\/sites\/23\/2022\/01\/Agadir-Ida-Outanane-2.jpg\"><img loading=\"lazy\" decoding=\"async\" class=\"aligncenter size-full wp-image-398586\" src=\"https:\/\/linitiative.ca\/International\/wp-content\/uploads\/sites\/23\/2022\/01\/Agadir-Ida-Outanane-2.jpg\" alt=\"\" width=\"746\" height=\"380\" srcset=\"https:\/\/linitiative.ca\/International\/wp-content\/uploads\/sites\/23\/2022\/01\/Agadir-Ida-Outanane-2.jpg 746w, https:\/\/aujourdhui.ma\/wp-content\/uploads\/2022\/01\/Agadir-Ida-Outanane-2-300x153.jpg 300w, https:\/\/aujourdhui.ma\/wp-content\/uploads\/2022\/01\/Agadir-Ida-Outanane-2-274x140.jpg 274w, https:\/\/aujourdhui.ma\/wp-content\/uploads\/2022\/01\/Agadir-Ida-Outanane-2-165x84.jpg 165w, https:\/\/aujourdhui.ma\/wp-content\/uploads\/2022\/01\/Agadir-Ida-Outanane-2-702x358.jpg 702w\" sizes=\"auto, (max-width: 746px) 100vw, 746px\"><\/a><\/div>\n<div dir=\"auto\"><\/div>\n<div dir=\"auto\">M.Sadiki a visit\u00e9 \u00e9galement, le Centre R\u00e9gional d\u2019Agadir de l\u2019Institut National de Recherche Halieutique (INRH) cr\u00e9er pour accompagner et r\u00e9pondre aux objectifs trac\u00e9s par la strat\u00e9gie Halieutis.<\/div>\n<div dir=\"auto\"><\/div>\n<div dir=\"auto\">Ce centre op\u00e9rationnel depuis 2000 couvre une c\u00f4te de 500 km s\u2019\u00e9tendant de Souiria Kdima \u00e0 Oued Dr\u00e2a. Un nouveau centre a \u00e9t\u00e9 construit en 2018 pour se doter de laboratoires r\u00e9pondant aux normes internationales et mieux r\u00e9pondre aux attentes du secteur de la p\u00eache et l\u2019aquaculture.<\/div>\n<div dir=\"auto\"><\/div>\n<div dir=\"auto\">D\u2019un co\u00fbt global de 33,5 Millions de dirhams, financ\u00e9 \u00e0 hauteur de 5 MDH par l\u2019UE, le centre est install\u00e9 sur une superficie construite de 3845 m\u00b2. Il a pour objectifs de consolider la pr\u00e9sence de l\u2019INRH au niveau r\u00e9gional, assurer une recherche de proximit\u00e9, se doter de laboratoires conformes aux normes et perspectives de la recherche et renforcer les m\u00e9tiers de la recherche halieutique. Il permet \u00e9galement d\u2019accompagner le d\u00e9veloppement du secteur aquacole et d\u2019apporter assistance, appui et conseil aux professionnels et op\u00e9rateurs du secteur.<\/div>\n<div dir=\"auto\"><\/div>\n<div dir=\"auto\">La visite a port\u00e9 aussi, sur le Centre sp\u00e9cialis\u00e9 en Valorisation et Technologie des Produits de la Mer mitoyen au Centre r\u00e9gional de l\u2019INRH.<\/div>\n<div dir=\"auto\"><\/div>\n<div dir=\"auto\">Cr\u00e9\u00e9 en 2003 en harmonie avec la strat\u00e9gie de d\u00e9veloppement de la valorisation des produits de la mer au niveau de la r\u00e9gion d\u2019Agadir, ce centre, construit dans le cadre de la coop\u00e9ration nippo-marocaine, est consid\u00e9r\u00e9 comme un atout institutionnel au service de la recherche, du d\u00e9veloppement et de l\u2019innovation en mati\u00e8re de valorisation des produits de la mer.<\/div>\n<div dir=\"auto\"><\/div>\n<div dir=\"auto\">Le centre se veut une r\u00e9ponse aux attentes des professionnels et vise \u00e0 accompagner l\u2019\u00e9mergence et la comp\u00e9titivit\u00e9 du secteur de l\u2019industrie de la p\u00eache \u00e0 l\u2019\u00e9chelle nationale.<\/div>\n<div dir=\"auto\"><\/div>\n<div dir=\"auto\"><a href=\"https:\/\/linitiative.ca\/International\/wp-content\/uploads\/sites\/23\/2022\/01\/Agadir-Ida-Outanane-3.jpg\"><img loading=\"lazy\" decoding=\"async\" class=\"aligncenter size-full wp-image-398587\" src=\"https:\/\/linitiative.ca\/International\/wp-content\/uploads\/sites\/23\/2022\/01\/Agadir-Ida-Outanane-3.jpg\" alt=\"\" width=\"746\" height=\"380\" srcset=\"https:\/\/linitiative.ca\/International\/wp-content\/uploads\/sites\/23\/2022\/01\/Agadir-Ida-Outanane-3.jpg 746w, https:\/\/aujourdhui.ma\/wp-content\/uploads\/2022\/01\/Agadir-Ida-Outanane-3-300x153.jpg 300w, https:\/\/aujourdhui.ma\/wp-content\/uploads\/2022\/01\/Agadir-Ida-Outanane-3-274x140.jpg 274w, https:\/\/aujourdhui.ma\/wp-content\/uploads\/2022\/01\/Agadir-Ida-Outanane-3-165x84.jpg 165w, https:\/\/aujourdhui.ma\/wp-content\/uploads\/2022\/01\/Agadir-Ida-Outanane-3-702x358.jpg 702w\" sizes=\"auto, (max-width: 746px) 100vw, 746px\"><\/a><\/div>\n<div dir=\"auto\"><\/div>\n<div dir=\"auto\">Structur\u00e9 en deux blocs, administratif et scientifique, ce centre dispose d\u2019une halle de technologie sous forme d\u2019usine pilote semi-industrielle d\u2019une superficie de 800 m\u00b2.<\/div>\n<div dir=\"auto\"><\/div>\n<div dir=\"auto\">Aussi, et compte tenu de l\u2019importance du secteur aquacole et de ses perspectives de d\u00e9veloppement, une rencontre a eu lieu avec les investisseurs du secteur aquacole de la r\u00e9gion.<\/div>\n<div dir=\"auto\"><\/div>\n<div dir=\"auto\">A noter que le secteur de la p\u00eache et de l\u2019aquaculture au niveau de la r\u00e9gion d\u2019Agadir s\u2019\u00e9tend sur 116 km d\u2019Imessouane au Nord \u00e0 Sidi R\u2019bat au Sud. Il compte une flotte de p\u00eache active compos\u00e9e de 2150 unit\u00e9s (p\u00eache hauturi\u00e8re, p\u00eache c\u00f4ti\u00e8re, p\u00eache artisanale), 20 000 marins actifs et 518 mareyeurs actifs.<\/div>\n<div dir=\"auto\"><\/div>\n<div dir=\"auto\">S\u2019agissant de la production, elle atteint 77 751 T pour un chiffre d\u2019affaires d\u2019environ 3,2 milliards de dirhams. L\u2019industrie de la p\u00eache compte 95 unit\u00e9s qui traitent et valorisent annuellement pr\u00e8s de 124 000 T de produits de la mer. Le secteur de l\u2019aquaculture compte 38 projets.<\/div>\n<div dir=\"auto\"><\/div>\n<div dir=\"auto\">La r\u00e9gion d\u2019Agadir compte un village de p\u00eacheurs \u00e0 Imessouane, 3 points de d\u00e9barquement am\u00e9nag\u00e9s (situ\u00e9s \u00e0 Imoiouaddar, Imourane et Tifnit) et 4 sites de p\u00eache (situ\u00e9s \u00e0 Tiguert, Taghazout, Douira et Sidi R\u2019bat).<\/div>\n<\/div>\n<p>Auteur: ALM<br \/>\n<a href=\"https:\/\/aujourdhui.ma\/actualite\/agadir-ida-outanane-m-sadiki-visite-plusieurs-sites-et-projets-de-la-peche-maritime-et-daquaculture\">Cliquez ici pour lire l&rsquo;article depuis sa source.<\/a><\/p>\n","protected":false},"excerpt":{"rendered":"<p>Le ministre de l\u2019Agriculture, de la P\u00eache Maritime, du D\u00e9veloppement Rural et des Eaux et For\u00eats, Mohammed Sadiki, a effectu\u00e9 vendredi, une visite de terrain \u00e0 plusieurs sites et projets de la p\u00eache maritime et d\u2019aquaculture lanc\u00e9s au niveau de la la pr\u00e9fecture d\u2019Agadir Ida-Outanane dans la r\u00e9gion de Souss-Massa. Ainsi, M.Sadiki a visit\u00e9 les [&hellip;]<\/p>\n","protected":false},"author":1759,"featured_media":0,"comment_status":"closed","ping_status":"closed","sticky":false,"template":"","format":"standard","meta":{"fifu_image_url":"https:\/\/aujourdhui.ma\/wp-content\/uploads\/2022\/01\/Agadir-Ida-Outanane-300x153.jpg","fifu_image_alt":"Agadir Ida-Outanane: M.Sadiki visite plusieurs sites et projets de la p\u00eache maritime et d\u2019aquaculture","footnotes":""},"categories":[73,54],"tags":[],"class_list":["post-139711","post","type-post","status-publish","format-standard","hentry","category-actualite","category-maroc"],"_links":{"self":[{"href":"https:\/\/linitiative.ca\/International\/wp-json\/wp\/v2\/posts\/139711","targetHints":{"allow":["GET"]}}],"collection":[{"href":"https:\/\/linitiative.ca\/International\/wp-json\/wp\/v2\/posts"}],"about":[{"href":"https:\/\/linitiative.ca\/International\/wp-json\/wp\/v2\/types\/post"}],"author":[{"embeddable":true,"href":"https:\/\/linitiative.ca\/International\/wp-json\/wp\/v2\/users\/1759"}],"replies":[{"embeddable":true,"href":"https:\/\/linitiative.ca\/International\/wp-json\/wp\/v2\/comments?post=139711"}],"version-history":[{"count":0,"href":"https:\/\/linitiative.ca\/International\/wp-json\/wp\/v2\/posts\/139711\/revisions"}],"wp:attachment":[{"href":"https:\/\/linitiative.ca\/International\/wp-json\/wp\/v2\/media?parent=139711"}],"wp:term":[{"taxonomy":"category","embeddable":true,"href":"https:\/\/linitiative.ca\/International\/wp-json\/wp\/v2\/categories?post=139711"},{"taxonomy":"post_tag","embeddable":true,"href":"https:\/\/linitiative.ca\/International\/wp-json\/wp\/v2\/tags?post=139711"}],"curies":[{"name":"wp","href":"https:\/\/api.w.org\/{rel}","templated":true}]}}