{"id":139717,"date":"2022-01-29T10:02:31","date_gmt":"2022-01-29T15:02:31","guid":{"rendered":"https:\/\/linitiative.ca\/International\/covid-19-maroc-la-situation-epidemiologique-au-29-janvier-2022-a-16h00\/"},"modified":"2022-01-29T10:02:31","modified_gmt":"2022-01-29T15:02:31","slug":"covid-19-maroc-la-situation-epidemiologique-au-29-janvier-2022-a-16h00","status":"publish","type":"post","link":"https:\/\/linitiative.ca\/International\/covid-19-maroc-la-situation-epidemiologique-au-29-janvier-2022-a-16h00\/","title":{"rendered":"Covid-19 \/ Maroc : La situation \u00e9pid\u00e9miologique au 29  Janvier 2022 \u00e0 16H00"},"content":{"rendered":"<div>\n<p><img loading=\"lazy\" decoding=\"async\" width=\"300\" height=\"153\" src=\"https:\/\/linitiative.ca\/International\/wp-content\/uploads\/sites\/23\/2022\/01\/Covid-19-Coronavirus-Maroc-300x153-1.jpg\" class=\"attachment-medium size-medium wp-post-image\" alt=\"\" srcset=\"https:\/\/linitiative.ca\/International\/wp-content\/uploads\/sites\/23\/2022\/01\/Covid-19-Coronavirus-Maroc-300x153-1.jpg 300w, https:\/\/aujourdhui.ma\/wp-content\/uploads\/2021\/10\/Covid-19-Coronavirus-Maroc-274x140.jpg 274w, https:\/\/aujourdhui.ma\/wp-content\/uploads\/2021\/10\/Covid-19-Coronavirus-Maroc.jpg 746w, https:\/\/aujourdhui.ma\/wp-content\/uploads\/2021\/10\/Covid-19-Coronavirus-Maroc-165x84.jpg 165w, https:\/\/aujourdhui.ma\/wp-content\/uploads\/2021\/10\/Covid-19-Coronavirus-Maroc-702x358.jpg 702w\" sizes=\"auto, (max-width: 300px) 100vw, 300px\"><\/p>\n<p>4.154 nouveaux cas soit un cumul de 1.129.140 cas \u00e0 ce jour.<br \/>\n6.866 gu\u00e9risons soit un cumul de 1.064.199 \u00e0 ce jour.<br \/>\n28 nouveaux d\u00e9c\u00e8s donc un cumul de 15.328 \u00e0 ce jour.<\/p>\n<p><strong>Nombre de personnes vaccin\u00e9es au 29 Janvier 16H00<\/strong><\/p>\n<p>1\u00e8re dose : 24 654 478<\/p>\n<p>2\u00e8me dose : 23 073 344<\/p>\n<p>3\u00e8me dose : 4 371 932<\/p>\n<p><a href=\"https:\/\/linitiative.ca\/International\/wp-content\/uploads\/sites\/23\/2022\/01\/WhatsApp-Image-2022-01-29-at-4.51.56-PM.jpeg\"><img loading=\"lazy\" decoding=\"async\" class=\"aligncenter size-full wp-image-398601\" src=\"https:\/\/linitiative.ca\/International\/wp-content\/uploads\/sites\/23\/2022\/01\/WhatsApp-Image-2022-01-29-at-4.51.56-PM.jpeg\" alt=\"\" width=\"1095\" height=\"1600\" srcset=\"https:\/\/linitiative.ca\/International\/wp-content\/uploads\/sites\/23\/2022\/01\/WhatsApp-Image-2022-01-29-at-4.51.56-PM.jpeg 1095w, https:\/\/aujourdhui.ma\/wp-content\/uploads\/2022\/01\/WhatsApp-Image-2022-01-29-at-4.51.56-PM-205x300.jpeg 205w, https:\/\/aujourdhui.ma\/wp-content\/uploads\/2022\/01\/WhatsApp-Image-2022-01-29-at-4.51.56-PM-701x1024.jpeg 701w, https:\/\/aujourdhui.ma\/wp-content\/uploads\/2022\/01\/WhatsApp-Image-2022-01-29-at-4.51.56-PM-768x1122.jpeg 768w, https:\/\/aujourdhui.ma\/wp-content\/uploads\/2022\/01\/WhatsApp-Image-2022-01-29-at-4.51.56-PM-1051x1536.jpeg 1051w\" sizes=\"auto, (max-width: 1095px) 100vw, 1095px\"><\/a> <a href=\"https:\/\/linitiative.ca\/International\/wp-content\/uploads\/sites\/23\/2022\/01\/WhatsApp-Image-2022-01-29-at-4.51.56-PM1.jpeg\"><img loading=\"lazy\" decoding=\"async\" class=\"aligncenter size-full wp-image-398600\" src=\"https:\/\/linitiative.ca\/International\/wp-content\/uploads\/sites\/23\/2022\/01\/WhatsApp-Image-2022-01-29-at-4.51.56-PM1.jpeg\" alt=\"\" width=\"1132\" height=\"1600\" srcset=\"https:\/\/linitiative.ca\/International\/wp-content\/uploads\/sites\/23\/2022\/01\/WhatsApp-Image-2022-01-29-at-4.51.56-PM1.jpeg 1132w, https:\/\/aujourdhui.ma\/wp-content\/uploads\/2022\/01\/WhatsApp-Image-2022-01-29-at-4.51.56-PM1-212x300.jpeg 212w, https:\/\/aujourdhui.ma\/wp-content\/uploads\/2022\/01\/WhatsApp-Image-2022-01-29-at-4.51.56-PM1-724x1024.jpeg 724w, https:\/\/aujourdhui.ma\/wp-content\/uploads\/2022\/01\/WhatsApp-Image-2022-01-29-at-4.51.56-PM1-768x1086.jpeg 768w, https:\/\/aujourdhui.ma\/wp-content\/uploads\/2022\/01\/WhatsApp-Image-2022-01-29-at-4.51.56-PM1-1087x1536.jpeg 1087w\" sizes=\"auto, (max-width: 1132px) 100vw, 1132px\"><\/a> <a href=\"https:\/\/linitiative.ca\/International\/wp-content\/uploads\/sites\/23\/2022\/01\/WhatsApp-Image-2022-01-29-at-4.51.56-PM2.jpeg\"><img loading=\"lazy\" decoding=\"async\" class=\"aligncenter size-full wp-image-398599\" src=\"https:\/\/linitiative.ca\/International\/wp-content\/uploads\/sites\/23\/2022\/01\/WhatsApp-Image-2022-01-29-at-4.51.56-PM2.jpeg\" alt=\"\" width=\"1125\" height=\"1600\" srcset=\"https:\/\/linitiative.ca\/International\/wp-content\/uploads\/sites\/23\/2022\/01\/WhatsApp-Image-2022-01-29-at-4.51.56-PM2.jpeg 1125w, https:\/\/aujourdhui.ma\/wp-content\/uploads\/2022\/01\/WhatsApp-Image-2022-01-29-at-4.51.56-PM2-211x300.jpeg 211w, https:\/\/aujourdhui.ma\/wp-content\/uploads\/2022\/01\/WhatsApp-Image-2022-01-29-at-4.51.56-PM2-720x1024.jpeg 720w, https:\/\/aujourdhui.ma\/wp-content\/uploads\/2022\/01\/WhatsApp-Image-2022-01-29-at-4.51.56-PM2-768x1092.jpeg 768w, https:\/\/aujourdhui.ma\/wp-content\/uploads\/2022\/01\/WhatsApp-Image-2022-01-29-at-4.51.56-PM2-1080x1536.jpeg 1080w\" sizes=\"auto, (max-width: 1125px) 100vw, 1125px\"><\/a> <a href=\"https:\/\/linitiative.ca\/International\/wp-content\/uploads\/sites\/23\/2022\/01\/WhatsApp-Image-2022-01-29-at-4.51.56-PM3.jpeg\"><img loading=\"lazy\" decoding=\"async\" class=\"aligncenter size-full wp-image-398598\" src=\"https:\/\/linitiative.ca\/International\/wp-content\/uploads\/sites\/23\/2022\/01\/WhatsApp-Image-2022-01-29-at-4.51.56-PM3.jpeg\" alt=\"\" width=\"1170\" height=\"1461\" srcset=\"https:\/\/linitiative.ca\/International\/wp-content\/uploads\/sites\/23\/2022\/01\/WhatsApp-Image-2022-01-29-at-4.51.56-PM3.jpeg 1170w, https:\/\/aujourdhui.ma\/wp-content\/uploads\/2022\/01\/WhatsApp-Image-2022-01-29-at-4.51.56-PM3-240x300.jpeg 240w, https:\/\/aujourdhui.ma\/wp-content\/uploads\/2022\/01\/WhatsApp-Image-2022-01-29-at-4.51.56-PM3-820x1024.jpeg 820w, https:\/\/aujourdhui.ma\/wp-content\/uploads\/2022\/01\/WhatsApp-Image-2022-01-29-at-4.51.56-PM3-768x959.jpeg 768w\" sizes=\"auto, (max-width: 1170px) 100vw, 1170px\"><\/a><\/p>\n<p>\u00a0<\/p>\n<\/div>\n<p>Auteur: ALM<br \/>\n<a href=\"https:\/\/aujourdhui.ma\/actualite\/covid-19-maroc-la-situation-epidemiologique-au-29-janvier-2022-a-16h00\">Cliquez ici pour lire l&rsquo;article depuis sa source.<\/a><\/p>\n","protected":false},"excerpt":{"rendered":"<p>4.154 nouveaux cas soit un cumul de 1.129.140 cas \u00e0 ce jour. 6.866 gu\u00e9risons soit un cumul de 1.064.199 \u00e0 ce jour. 28 nouveaux d\u00e9c\u00e8s donc un cumul de 15.328 \u00e0 ce jour. Nombre de personnes vaccin\u00e9es au 29 Janvier 16H00 1\u00e8re dose : 24 654 478 2\u00e8me dose : 23 073 344 3\u00e8me dose [&hellip;]<\/p>\n","protected":false},"author":1759,"featured_media":0,"comment_status":"closed","ping_status":"closed","sticky":false,"template":"","format":"standard","meta":{"fifu_image_url":"https:\/\/aujourdhui.ma\/wp-content\/uploads\/2021\/10\/Covid-19-Coronavirus-Maroc-300x153.jpg","fifu_image_alt":"Covid-19 \/ Maroc : La situation \u00e9pid\u00e9miologique au 29  Janvier 2022 \u00e0 16H00","footnotes":""},"categories":[73,54],"tags":[],"class_list":["post-139717","post","type-post","status-publish","format-standard","hentry","category-actualite","category-maroc"],"_links":{"self":[{"href":"https:\/\/linitiative.ca\/International\/wp-json\/wp\/v2\/posts\/139717","targetHints":{"allow":["GET"]}}],"collection":[{"href":"https:\/\/linitiative.ca\/International\/wp-json\/wp\/v2\/posts"}],"about":[{"href":"https:\/\/linitiative.ca\/International\/wp-json\/wp\/v2\/types\/post"}],"author":[{"embeddable":true,"href":"https:\/\/linitiative.ca\/International\/wp-json\/wp\/v2\/users\/1759"}],"replies":[{"embeddable":true,"href":"https:\/\/linitiative.ca\/International\/wp-json\/wp\/v2\/comments?post=139717"}],"version-history":[{"count":0,"href":"https:\/\/linitiative.ca\/International\/wp-json\/wp\/v2\/posts\/139717\/revisions"}],"wp:attachment":[{"href":"https:\/\/linitiative.ca\/International\/wp-json\/wp\/v2\/media?parent=139717"}],"wp:term":[{"taxonomy":"category","embeddable":true,"href":"https:\/\/linitiative.ca\/International\/wp-json\/wp\/v2\/categories?post=139717"},{"taxonomy":"post_tag","embeddable":true,"href":"https:\/\/linitiative.ca\/International\/wp-json\/wp\/v2\/tags?post=139717"}],"curies":[{"name":"wp","href":"https:\/\/api.w.org\/{rel}","templated":true}]}}