{"id":13972,"date":"2019-02-13T18:18:06","date_gmt":"2019-02-13T23:18:06","guid":{"rendered":"https:\/\/linitiative.ca\/International\/lexigence-de-cadeaux-a-la-saint-valentin-galvaude-la-celebration-de-lamour-psychologue\/"},"modified":"2019-02-13T18:18:06","modified_gmt":"2019-02-13T23:18:06","slug":"lexigence-de-cadeaux-a-la-saint-valentin-galvaude-la-celebration-de-lamour-psychologue","status":"publish","type":"post","link":"https:\/\/linitiative.ca\/International\/lexigence-de-cadeaux-a-la-saint-valentin-galvaude-la-celebration-de-lamour-psychologue\/","title":{"rendered":"L\u2019exigence de cadeaux \u00e0 la Saint-Valentin \u00abgalvaude\u00bb la c\u00e9l\u00e9bration de l\u2019amour (psychologue)"},"content":{"rendered":"<div readability=\"32\">\n<p>Publi\u00e9 le 14.02.2019 \u00e0 00h18 par APA News<\/p>\n<\/div>\n<div readability=\"142\">\n<p>L\u2019exigence de cadeaux \u00e0 la Saint-Valentin, c\u00e9l\u00e9br\u00e9e chaque 14 f\u00e9vrier, \u00abgalvaude\u00bb la f\u00eate de l\u2019amour, estime la psycho-p\u00e9dagogue ivoirienne Odile Pohan, pour qui \u00abl\u2019amour n\u2019est pas quantifiable\u00bb, mais est plut\u00f4t \u00abqualit\u00e9\u00bb.\u00abAujourd\u2019hui, on met plus l\u2019accent sur les cadeaux, il faut \u00e9viter cela (car) la Saint-Valentin est une c\u00e9l\u00e9bration de l\u2019amour \u00bb, affirme Mme Odile Pohan, qui rel\u00e8ve que \u00ab de plus en plus, ce qu\u2019on offre commence \u00e0 prendre le pas sur ce que la f\u00eate devrait \u00eatre r\u00e9ellement, la f\u00eate des amoureux \u00bb.<\/p>\n<p>Magnifier l\u2019amour est, selon elle, \u00ab montrer qu\u2019au-del\u00e0 des disputes dans un couple, on peut rester dans des relations intelligentes, affectives et c\u00e9l\u00e9brer l\u2019autre \u00bb. Si la Saint-Valentin est une saison o\u00f9 les commer\u00e7ants font leurs choux gras, on ne devrait pas toutefois regarder ce qu\u2019on donne.<\/p>\n<p>Elle r\u00e9fute qu\u2019on \u00ab galvaude \u00bb cette f\u00eate en \u00e9tant exigeant sur ce que le partenaire offre le jour de la Saint-Valentin pour exprimer sa flamme, tout en soutenant que \u00ab l\u2019amour n\u2019est pas quantifiable, l\u2019amour est qualit\u00e9 : comment je t\u2019aime et non combien je t\u2019aime \u00bb. \u00a0\u00a0<\/p>\n<p>La journ\u00e9e de la Saint-Valentin, consid\u00e9r\u00e9e dans de nombreux pays comme la f\u00eate de l\u2019amour, est une aubaine pour les couples pour \u00e9changer des mots doux et des cadeaux comme preuves d\u2019amour ainsi que des roses rouges qui sont l\u2019embl\u00e8me de la passion.\u00a0<\/p>\n<p>A Cocody, une commune hupp\u00e9e dans l\u2019Est d\u2019Abidjan, Amadou M\u00e9ga, un vendeur de fleurs, a fait des commandes de roses rouges aupr\u00e8s de ses fournisseurs qui, eux, s\u2019approvisionnent au K\u00e9nyan, au Liban ou en France. Il compte faire de bonnes affaires avec les femmes, les plus gros demandeurs. \u00a0<\/p>\n<p>Le 14 f\u00e9vrier ne correspond \u00e0 aucune f\u00eate dans la religion romaine et n\u2019a pas d\u2019origine antique. La Saint-Valentin n\u2019est pas reconnue comme une f\u00eate liturgique au sein de l\u2019\u00e9glise catholique, affirme un pr\u00eatre ivoirien qui a requis l\u2019anonymat.\u00a0<\/p>\n<p>\u00ab Je pense que c\u2019est bon (de c\u00e9l\u00e9brer l\u2019amour car), ce sont les choses que les gens vivent \u00bb au quotidien, \u00a0estime ce pr\u00eatre. Pour lui, on peut f\u00eater la Saint-Valentin au sein de l\u2019\u00e9glise catholique, toutefois on peut lui \u00ab donner un caract\u00e8re saint et spirituel \u00bb. \u00a0\u00a0<\/p>\n<p><ins data-revive-zoneid=\"9\" data-revive-id=\"10111e19d28d19d031742ee3b0b33eb0\"\/> <\/p>\n<p>La l\u00e9gende pr\u00e9tend que Valentin, dans la Rome antique, acceptait discr\u00e8tement d\u2019unir les fianc\u00e9s par les liens du mariage. Et ce, apr\u00e8s que l\u2019empereur romain Claude II, un homme cruel, engag\u00e9 dans des campagnes militaires sanglantes, a d\u00e9cid\u00e9 d\u2019annuler tous les mariages sur son territoire.<\/p>\n<p>\u00c9prouvant des difficult\u00e9s \u00e0 recruter des soldats, l\u2019empereur pense que beaucoup d\u2019hommes pr\u00e9f\u00e8rent rester aupr\u00e8s de leur \u00e9pouse ou de leur fianc\u00e9e. Il l\u00e8ve la loi stipulant que tout nouveau mari\u00e9 ne peut aller sur un champ de guerre, contraignant tous les jeunes \u00e0 \u00eatre disponible pour livrer la bataille.\u00a0<\/p>\n<p>Un fois les jeunes hommes assur\u00e9s par les paroles de Valentin, celui-ci leur donnait en guise d\u2019offrande une fleur de son jardin, et que ceux-ci s\u2019empressaient de rejoindre leurs dulcin\u00e9es pour leur offrir ces fleurs.<\/p>\n<p>L\u2019empereur inform\u00e9 de ces consultations de Valentin, ordonne qu\u2019 il soit arr\u00eat\u00e9. Pris vers l\u2019an 270, il r\u00e9pond avec ferveur \u00e0 l\u2019empereur Claude qui l\u2019interroge avant de le faire conduire devant le juge. Et, apr\u00e8s diff\u00e9rents tourments et tortures, Valentin est d\u00e9capit\u00e9 vers 273.<\/p>\n<p>Fianc\u00e9s et c\u00e9libataires se sont plac\u00e9s sous son patronage. Valentin est \u00e9galement le \u00ab Saint patron des amoureux \u00bb et le jour suppos\u00e9 de son martyr, le 14 f\u00e9vrier, correspondait d\u00e9j\u00e0 dans la Rome Antique, aux festivit\u00e9s pa\u00efennes de l\u2019amour, marquant l\u2019arriv\u00e9e du printemps.<\/p>\n<p>\u00a0On v\u00e9n\u00e8re la plupart de ses reliques \u00e0 Rome, dans l\u2019\u00e9glise Sainte Prax\u00e8de. \u00a0La f\u00eate religieuse de Saint Valentin a \u00e9t\u00e9 ot\u00e9e du calendrier liturgique romain en 1969 par le Pape Paul VI, mais conserv\u00e9e dans les calendriers r\u00e9gionaux. Au XXe et XXIe si\u00e8cles, cette f\u00eate prend un virage commercial.<\/p>\n<\/div>\n<p>Auteur: APA News<br \/>\n<a href=\"https:\/\/www.journalducameroun.com\/lexigence-de-cadeaux-a-la-saint-valentin-galvaude-la-celebration-de-lamour-psychologue\/\">Cliquez ici pour lire l&rsquo;article depuis sa source.<\/a><\/p>\n","protected":false},"excerpt":{"rendered":"<p>Publi\u00e9 le 14.02.2019 \u00e0 00h18 par APA News L\u2019exigence de cadeaux \u00e0 la Saint-Valentin, c\u00e9l\u00e9br\u00e9e chaque 14 f\u00e9vrier, \u00abgalvaude\u00bb la f\u00eate de l\u2019amour, estime la psycho-p\u00e9dagogue ivoirienne Odile Pohan, pour qui \u00abl\u2019amour n\u2019est pas quantifiable\u00bb, mais est plut\u00f4t \u00abqualit\u00e9\u00bb.\u00abAujourd\u2019hui, on met plus l\u2019accent sur les cadeaux, il faut \u00e9viter cela (car) la Saint-Valentin est une [&hellip;]<\/p>\n","protected":false},"author":1965,"featured_media":0,"comment_status":"closed","ping_status":"closed","sticky":false,"template":"","format":"standard","meta":{"fifu_image_url":"","fifu_image_alt":"","footnotes":""},"categories":[73,82],"tags":[],"class_list":["post-13972","post","type-post","status-publish","format-standard","hentry","category-actualite","category-cameroun"],"_links":{"self":[{"href":"https:\/\/linitiative.ca\/International\/wp-json\/wp\/v2\/posts\/13972","targetHints":{"allow":["GET"]}}],"collection":[{"href":"https:\/\/linitiative.ca\/International\/wp-json\/wp\/v2\/posts"}],"about":[{"href":"https:\/\/linitiative.ca\/International\/wp-json\/wp\/v2\/types\/post"}],"author":[{"embeddable":true,"href":"https:\/\/linitiative.ca\/International\/wp-json\/wp\/v2\/users\/1965"}],"replies":[{"embeddable":true,"href":"https:\/\/linitiative.ca\/International\/wp-json\/wp\/v2\/comments?post=13972"}],"version-history":[{"count":0,"href":"https:\/\/linitiative.ca\/International\/wp-json\/wp\/v2\/posts\/13972\/revisions"}],"wp:attachment":[{"href":"https:\/\/linitiative.ca\/International\/wp-json\/wp\/v2\/media?parent=13972"}],"wp:term":[{"taxonomy":"category","embeddable":true,"href":"https:\/\/linitiative.ca\/International\/wp-json\/wp\/v2\/categories?post=13972"},{"taxonomy":"post_tag","embeddable":true,"href":"https:\/\/linitiative.ca\/International\/wp-json\/wp\/v2\/tags?post=13972"}],"curies":[{"name":"wp","href":"https:\/\/api.w.org\/{rel}","templated":true}]}}