{"id":139729,"date":"2022-01-29T08:17:53","date_gmt":"2022-01-29T13:17:53","guid":{"rendered":"https:\/\/linitiative.ca\/International\/le-festival-international-cinema-et-migrations-dagadir-reporte\/"},"modified":"2022-01-29T08:17:53","modified_gmt":"2022-01-29T13:17:53","slug":"le-festival-international-cinema-et-migrations-dagadir-reporte","status":"publish","type":"post","link":"https:\/\/linitiative.ca\/International\/le-festival-international-cinema-et-migrations-dagadir-reporte\/","title":{"rendered":"Le Festival international Cin\u00e9ma et Migrations d&rsquo;Agadir report\u00e9"},"content":{"rendered":"<div>\n<div class=\"field field-name-body field-type-text-with-summary field-label-hidden\">\n<div class=\"field-items\">\n<div class=\"field-item even\" property=\"content:encoded\">\n<p class=\"rtejustify\">La 18\u00e8 \u00e9dition du Festival international Cin\u00e9ma et Migrations d\u2019Agadir a \u00e9t\u00e9 report\u00e9e \u00e0 une date ult\u00e9rieure, suite \u00e0 l&rsquo;\u00e9volution de la situation \u00e9pid\u00e9miologique li\u00e9e au coronavirus.<\/p>\n<\/div>\n<\/div>\n<\/div>\n<\/div>\n<p>Auteur: mbasraoui<br \/>\n<a href=\"https:\/\/www.leconomiste.com\/flash-infos\/le-festival-international-cinema-et-migrations-d-agadir-reporte\">Cliquez ici pour lire l&rsquo;article depuis sa source.<\/a><\/p>\n","protected":false},"excerpt":{"rendered":"<p>La 18\u00e8 \u00e9dition du Festival international Cin\u00e9ma et Migrations d\u2019Agadir a \u00e9t\u00e9 report\u00e9e \u00e0 une date ult\u00e9rieure, suite \u00e0 l&rsquo;\u00e9volution de la situation \u00e9pid\u00e9miologique li\u00e9e au coronavirus. Auteur: mbasraoui Cliquez ici pour lire l&rsquo;article depuis sa source.<\/p>\n","protected":false},"author":1763,"featured_media":0,"comment_status":"closed","ping_status":"closed","sticky":false,"template":"","format":"standard","meta":{"fifu_image_url":"","fifu_image_alt":"","footnotes":""},"categories":[78,54],"tags":[],"class_list":["post-139729","post","type-post","status-publish","format-standard","hentry","category-economie","category-maroc"],"_links":{"self":[{"href":"https:\/\/linitiative.ca\/International\/wp-json\/wp\/v2\/posts\/139729","targetHints":{"allow":["GET"]}}],"collection":[{"href":"https:\/\/linitiative.ca\/International\/wp-json\/wp\/v2\/posts"}],"about":[{"href":"https:\/\/linitiative.ca\/International\/wp-json\/wp\/v2\/types\/post"}],"author":[{"embeddable":true,"href":"https:\/\/linitiative.ca\/International\/wp-json\/wp\/v2\/users\/1763"}],"replies":[{"embeddable":true,"href":"https:\/\/linitiative.ca\/International\/wp-json\/wp\/v2\/comments?post=139729"}],"version-history":[{"count":0,"href":"https:\/\/linitiative.ca\/International\/wp-json\/wp\/v2\/posts\/139729\/revisions"}],"wp:attachment":[{"href":"https:\/\/linitiative.ca\/International\/wp-json\/wp\/v2\/media?parent=139729"}],"wp:term":[{"taxonomy":"category","embeddable":true,"href":"https:\/\/linitiative.ca\/International\/wp-json\/wp\/v2\/categories?post=139729"},{"taxonomy":"post_tag","embeddable":true,"href":"https:\/\/linitiative.ca\/International\/wp-json\/wp\/v2\/tags?post=139729"}],"curies":[{"name":"wp","href":"https:\/\/api.w.org\/{rel}","templated":true}]}}