{"id":139730,"date":"2022-01-29T10:58:09","date_gmt":"2022-01-29T15:58:09","guid":{"rendered":"https:\/\/linitiative.ca\/International\/covid-19-4-154-nouveaux-cas-et-28-deces-ce-samedi-29-janvier\/"},"modified":"2022-01-29T10:58:09","modified_gmt":"2022-01-29T15:58:09","slug":"covid-19-4-154-nouveaux-cas-et-28-deces-ce-samedi-29-janvier","status":"publish","type":"post","link":"https:\/\/linitiative.ca\/International\/covid-19-4-154-nouveaux-cas-et-28-deces-ce-samedi-29-janvier\/","title":{"rendered":"Covid-19: 4.154 nouveaux cas et 28 d\u00e9c\u00e8s ce samedi 29 janvier"},"content":{"rendered":"<div>\n<div class=\"field field-name-body field-type-text-with-summary field-label-hidden\">\n<div class=\"field-items\">\n<div class=\"field-item even\" property=\"content:encoded\">\n<p class=\"rtejustify\">Un total de 4.154 nouveaux cas d&rsquo;infection au nouveau coronavirus (Covid-19) et de 6.866 gu\u00e9risons a \u00e9t\u00e9 enregistr\u00e9 au Maroc dans les derni\u00e8res 24 heures, a indiqu\u00e9 samedi le minist\u00e8re de la Sant\u00e9 et de la protection sociale.<\/p>\n<p class=\"rtejustify\">Dans son bulletin quotidien sur la situation \u00e9pid\u00e9miologique, le minist\u00e8re a relev\u00e9 que le nombre de primo-vaccin\u00e9s a atteint 24.654.478, celui des personnes ayant re\u00e7u deux doses s&rsquo;\u00e9l\u00e8ve \u00e0 23.073.344 alors que 4.371.932 personnes ont eu trois injections.<\/p>\n<\/div>\n<\/div>\n<\/div>\n<\/div>\n<p>Auteur: mbasraoui<br \/>\n<a href=\"https:\/\/www.leconomiste.com\/flash-infos\/covid-19-4899-nouveaux-cas-et-30-deces-ce-samedi-29-janvier\">Cliquez ici pour lire l&rsquo;article depuis sa source.<\/a><\/p>\n","protected":false},"excerpt":{"rendered":"<p>Un total de 4.154 nouveaux cas d&rsquo;infection au nouveau coronavirus (Covid-19) et de 6.866 gu\u00e9risons a \u00e9t\u00e9 enregistr\u00e9 au Maroc dans les derni\u00e8res 24 heures, a indiqu\u00e9 samedi le minist\u00e8re de la Sant\u00e9 et de la protection sociale. Dans son bulletin quotidien sur la situation \u00e9pid\u00e9miologique, le minist\u00e8re a relev\u00e9 que le nombre de primo-vaccin\u00e9s [&hellip;]<\/p>\n","protected":false},"author":1763,"featured_media":0,"comment_status":"closed","ping_status":"closed","sticky":false,"template":"","format":"standard","meta":{"fifu_image_url":"","fifu_image_alt":"","footnotes":""},"categories":[78,54],"tags":[],"class_list":["post-139730","post","type-post","status-publish","format-standard","hentry","category-economie","category-maroc"],"_links":{"self":[{"href":"https:\/\/linitiative.ca\/International\/wp-json\/wp\/v2\/posts\/139730","targetHints":{"allow":["GET"]}}],"collection":[{"href":"https:\/\/linitiative.ca\/International\/wp-json\/wp\/v2\/posts"}],"about":[{"href":"https:\/\/linitiative.ca\/International\/wp-json\/wp\/v2\/types\/post"}],"author":[{"embeddable":true,"href":"https:\/\/linitiative.ca\/International\/wp-json\/wp\/v2\/users\/1763"}],"replies":[{"embeddable":true,"href":"https:\/\/linitiative.ca\/International\/wp-json\/wp\/v2\/comments?post=139730"}],"version-history":[{"count":0,"href":"https:\/\/linitiative.ca\/International\/wp-json\/wp\/v2\/posts\/139730\/revisions"}],"wp:attachment":[{"href":"https:\/\/linitiative.ca\/International\/wp-json\/wp\/v2\/media?parent=139730"}],"wp:term":[{"taxonomy":"category","embeddable":true,"href":"https:\/\/linitiative.ca\/International\/wp-json\/wp\/v2\/categories?post=139730"},{"taxonomy":"post_tag","embeddable":true,"href":"https:\/\/linitiative.ca\/International\/wp-json\/wp\/v2\/tags?post=139730"}],"curies":[{"name":"wp","href":"https:\/\/api.w.org\/{rel}","templated":true}]}}