{"id":139731,"date":"2022-01-29T14:44:59","date_gmt":"2022-01-29T19:44:59","guid":{"rendered":"https:\/\/linitiative.ca\/International\/driss-lachgar-reelu-premier-secretaire-de-lusfp\/"},"modified":"2022-01-29T14:44:59","modified_gmt":"2022-01-29T19:44:59","slug":"driss-lachgar-reelu-premier-secretaire-de-lusfp","status":"publish","type":"post","link":"https:\/\/linitiative.ca\/International\/driss-lachgar-reelu-premier-secretaire-de-lusfp\/","title":{"rendered":"Driss Lachgar, r\u00e9\u00e9lu premier secr\u00e9taire de l&rsquo;USFP"},"content":{"rendered":"<div>\n<div class=\"field field-name-body field-type-text-with-summary field-label-hidden\">\n<div class=\"field-items\">\n<div class=\"field-item even\" property=\"content:encoded\">\n<p class=\"rtejustify\">Driss Lachgar a \u00e9t\u00e9 r\u00e9\u00e9lu, samedi, premier secr\u00e9taire de l&rsquo;Union socialiste des forces populaires (USFP) pour un troisi\u00e8me mandat, \u00e0 l&rsquo;issue des travaux du 11e congr\u00e8s national du parti qui s&rsquo;est tenu au Complexe Moulay Rachid de la jeunesse et de l&rsquo;enfance \u00e0 Bouznika.<\/p>\n<\/div>\n<\/div>\n<\/div>\n<\/div>\n<p>Auteur: mbasraoui<br \/>\n<a href=\"https:\/\/www.leconomiste.com\/flash-infos\/driss-lachgar-reelu-premier-secretaire-de-l-usfp\">Cliquez ici pour lire l&rsquo;article depuis sa source.<\/a><\/p>\n","protected":false},"excerpt":{"rendered":"<p>Driss Lachgar a \u00e9t\u00e9 r\u00e9\u00e9lu, samedi, premier secr\u00e9taire de l&rsquo;Union socialiste des forces populaires (USFP) pour un troisi\u00e8me mandat, \u00e0 l&rsquo;issue des travaux du 11e congr\u00e8s national du parti qui s&rsquo;est tenu au Complexe Moulay Rachid de la jeunesse et de l&rsquo;enfance \u00e0 Bouznika. Auteur: mbasraoui Cliquez ici pour lire l&rsquo;article depuis sa source.<\/p>\n","protected":false},"author":1763,"featured_media":0,"comment_status":"closed","ping_status":"closed","sticky":false,"template":"","format":"standard","meta":{"fifu_image_url":"","fifu_image_alt":"","footnotes":""},"categories":[78,54],"tags":[],"class_list":["post-139731","post","type-post","status-publish","format-standard","hentry","category-economie","category-maroc"],"_links":{"self":[{"href":"https:\/\/linitiative.ca\/International\/wp-json\/wp\/v2\/posts\/139731","targetHints":{"allow":["GET"]}}],"collection":[{"href":"https:\/\/linitiative.ca\/International\/wp-json\/wp\/v2\/posts"}],"about":[{"href":"https:\/\/linitiative.ca\/International\/wp-json\/wp\/v2\/types\/post"}],"author":[{"embeddable":true,"href":"https:\/\/linitiative.ca\/International\/wp-json\/wp\/v2\/users\/1763"}],"replies":[{"embeddable":true,"href":"https:\/\/linitiative.ca\/International\/wp-json\/wp\/v2\/comments?post=139731"}],"version-history":[{"count":0,"href":"https:\/\/linitiative.ca\/International\/wp-json\/wp\/v2\/posts\/139731\/revisions"}],"wp:attachment":[{"href":"https:\/\/linitiative.ca\/International\/wp-json\/wp\/v2\/media?parent=139731"}],"wp:term":[{"taxonomy":"category","embeddable":true,"href":"https:\/\/linitiative.ca\/International\/wp-json\/wp\/v2\/categories?post=139731"},{"taxonomy":"post_tag","embeddable":true,"href":"https:\/\/linitiative.ca\/International\/wp-json\/wp\/v2\/tags?post=139731"}],"curies":[{"name":"wp","href":"https:\/\/api.w.org\/{rel}","templated":true}]}}