{"id":139738,"date":"2022-01-29T05:00:00","date_gmt":"2022-01-29T10:00:00","guid":{"rendered":"https:\/\/linitiative.ca\/International\/la-compagnie-low-cost-algerienne-inscrite-au-registre-de-commerce\/"},"modified":"2022-01-29T05:00:00","modified_gmt":"2022-01-29T10:00:00","slug":"la-compagnie-low-cost-algerienne-inscrite-au-registre-de-commerce","status":"publish","type":"post","link":"https:\/\/linitiative.ca\/International\/la-compagnie-low-cost-algerienne-inscrite-au-registre-de-commerce\/","title":{"rendered":"La compagnie low cost alg\u00e9rienne inscrite au registre de commerce"},"content":{"rendered":"<div>Le projet de FlyWestaf, la premi\u00e8re compagnie a\u00e9rienne low cost \u00e0 faire son entr\u00e9e sur le march\u00e9 alg\u00e9rien pour desservir \u00e0 partir d\u2019Oran et Alger des destinations europ\u00e9ennes et nationales, est entr\u00e9 dans<\/div>\n<p>Auteur:<br \/>\n<a href=\"https:\/\/www.lesoirdalgerie.com\/periscoop\/la-compagnie-low-cost-algerienne-inscrite-au-registre-de-commerce-74500\">Cliquez ici pour lire l&rsquo;article depuis sa source.<\/a><\/p>\n","protected":false},"excerpt":{"rendered":"<p>Le projet de FlyWestaf, la premi\u00e8re compagnie a\u00e9rienne low cost \u00e0 faire son entr\u00e9e sur le march\u00e9 alg\u00e9rien pour desservir \u00e0 partir d\u2019Oran et Alger des destinations europ\u00e9ennes et nationales, est entr\u00e9 dans Auteur: Cliquez ici pour lire l&rsquo;article depuis sa source.<\/p>\n","protected":false},"author":1741,"featured_media":0,"comment_status":"closed","ping_status":"closed","sticky":false,"template":"","format":"standard","meta":{"fifu_image_url":"","fifu_image_alt":"","footnotes":""},"categories":[73,53],"tags":[],"class_list":["post-139738","post","type-post","status-publish","format-standard","hentry","category-actualite","category-algerie"],"_links":{"self":[{"href":"https:\/\/linitiative.ca\/International\/wp-json\/wp\/v2\/posts\/139738","targetHints":{"allow":["GET"]}}],"collection":[{"href":"https:\/\/linitiative.ca\/International\/wp-json\/wp\/v2\/posts"}],"about":[{"href":"https:\/\/linitiative.ca\/International\/wp-json\/wp\/v2\/types\/post"}],"author":[{"embeddable":true,"href":"https:\/\/linitiative.ca\/International\/wp-json\/wp\/v2\/users\/1741"}],"replies":[{"embeddable":true,"href":"https:\/\/linitiative.ca\/International\/wp-json\/wp\/v2\/comments?post=139738"}],"version-history":[{"count":0,"href":"https:\/\/linitiative.ca\/International\/wp-json\/wp\/v2\/posts\/139738\/revisions"}],"wp:attachment":[{"href":"https:\/\/linitiative.ca\/International\/wp-json\/wp\/v2\/media?parent=139738"}],"wp:term":[{"taxonomy":"category","embeddable":true,"href":"https:\/\/linitiative.ca\/International\/wp-json\/wp\/v2\/categories?post=139738"},{"taxonomy":"post_tag","embeddable":true,"href":"https:\/\/linitiative.ca\/International\/wp-json\/wp\/v2\/tags?post=139738"}],"curies":[{"name":"wp","href":"https:\/\/api.w.org\/{rel}","templated":true}]}}