{"id":139739,"date":"2022-01-29T05:00:00","date_gmt":"2022-01-29T10:00:00","guid":{"rendered":"https:\/\/linitiative.ca\/International\/six-roquettes-sur-laeroport-international-de-baghdad\/"},"modified":"2022-01-29T05:00:00","modified_gmt":"2022-01-29T10:00:00","slug":"six-roquettes-sur-laeroport-international-de-baghdad","status":"publish","type":"post","link":"https:\/\/linitiative.ca\/International\/six-roquettes-sur-laeroport-international-de-baghdad\/","title":{"rendered":"Six roquettes sur l&rsquo;a\u00e9roport international de Baghdad"},"content":{"rendered":"<div>Les six roquettes sont tomb\u00e9es sur des aires de stationnement ou des pistes, selon une des sources. \u00abUn avion civil (vide) a \u00e9t\u00e9 touch\u00e9 et endommag\u00e9\u00bb, a pr\u00e9cis\u00e9 cette source au minist\u00e8re de l&rsquo;Int\u00e9rieur. La<\/div>\n<p>Auteur:<br \/>\n<a href=\"https:\/\/www.lesoirdalgerie.com\/monde\/six-roquettes-sur-laeroport-international-de-baghdad-74499\">Cliquez ici pour lire l&rsquo;article depuis sa source.<\/a><\/p>\n","protected":false},"excerpt":{"rendered":"<p>Les six roquettes sont tomb\u00e9es sur des aires de stationnement ou des pistes, selon une des sources. \u00abUn avion civil (vide) a \u00e9t\u00e9 touch\u00e9 et endommag\u00e9\u00bb, a pr\u00e9cis\u00e9 cette source au minist\u00e8re de l&rsquo;Int\u00e9rieur. La Auteur: Cliquez ici pour lire l&rsquo;article depuis sa source.<\/p>\n","protected":false},"author":1741,"featured_media":0,"comment_status":"closed","ping_status":"closed","sticky":false,"template":"","format":"standard","meta":{"fifu_image_url":"","fifu_image_alt":"","footnotes":""},"categories":[73,53],"tags":[],"class_list":["post-139739","post","type-post","status-publish","format-standard","hentry","category-actualite","category-algerie"],"_links":{"self":[{"href":"https:\/\/linitiative.ca\/International\/wp-json\/wp\/v2\/posts\/139739","targetHints":{"allow":["GET"]}}],"collection":[{"href":"https:\/\/linitiative.ca\/International\/wp-json\/wp\/v2\/posts"}],"about":[{"href":"https:\/\/linitiative.ca\/International\/wp-json\/wp\/v2\/types\/post"}],"author":[{"embeddable":true,"href":"https:\/\/linitiative.ca\/International\/wp-json\/wp\/v2\/users\/1741"}],"replies":[{"embeddable":true,"href":"https:\/\/linitiative.ca\/International\/wp-json\/wp\/v2\/comments?post=139739"}],"version-history":[{"count":0,"href":"https:\/\/linitiative.ca\/International\/wp-json\/wp\/v2\/posts\/139739\/revisions"}],"wp:attachment":[{"href":"https:\/\/linitiative.ca\/International\/wp-json\/wp\/v2\/media?parent=139739"}],"wp:term":[{"taxonomy":"category","embeddable":true,"href":"https:\/\/linitiative.ca\/International\/wp-json\/wp\/v2\/categories?post=139739"},{"taxonomy":"post_tag","embeddable":true,"href":"https:\/\/linitiative.ca\/International\/wp-json\/wp\/v2\/tags?post=139739"}],"curies":[{"name":"wp","href":"https:\/\/api.w.org\/{rel}","templated":true}]}}