{"id":139740,"date":"2022-01-29T05:00:00","date_gmt":"2022-01-29T10:00:00","guid":{"rendered":"https:\/\/linitiative.ca\/International\/sommet-virtuel-extraordinaire-de-la-cedeao\/"},"modified":"2022-01-29T05:00:00","modified_gmt":"2022-01-29T10:00:00","slug":"sommet-virtuel-extraordinaire-de-la-cedeao","status":"publish","type":"post","link":"https:\/\/linitiative.ca\/International\/sommet-virtuel-extraordinaire-de-la-cedeao\/","title":{"rendered":"Sommet virtuel extraordinaire de la C\u00e9d\u00e9ao"},"content":{"rendered":"<div>La Communaut\u00e9 des Etats de l&rsquo;Afrique de l&rsquo;Ouest (C\u00e9d\u00e9ao) a annonc\u00e9 la tenue, hier vendredi, d\u2019un sommet extraordinaire virtuel pour \u00e9voquer la crise au Burkina Faso.<\/div>\n<p>Auteur:<br \/>\n<a href=\"https:\/\/www.lesoirdalgerie.com\/monde\/sommet-virtuel-extraordinaire-de-la-cedeao-74498\">Cliquez ici pour lire l&rsquo;article depuis sa source.<\/a><\/p>\n","protected":false},"excerpt":{"rendered":"<p>La Communaut\u00e9 des Etats de l&rsquo;Afrique de l&rsquo;Ouest (C\u00e9d\u00e9ao) a annonc\u00e9 la tenue, hier vendredi, d\u2019un sommet extraordinaire virtuel pour \u00e9voquer la crise au Burkina Faso. Auteur: Cliquez ici pour lire l&rsquo;article depuis sa source.<\/p>\n","protected":false},"author":1741,"featured_media":0,"comment_status":"closed","ping_status":"closed","sticky":false,"template":"","format":"standard","meta":{"fifu_image_url":"","fifu_image_alt":"","footnotes":""},"categories":[73,53],"tags":[],"class_list":["post-139740","post","type-post","status-publish","format-standard","hentry","category-actualite","category-algerie"],"_links":{"self":[{"href":"https:\/\/linitiative.ca\/International\/wp-json\/wp\/v2\/posts\/139740","targetHints":{"allow":["GET"]}}],"collection":[{"href":"https:\/\/linitiative.ca\/International\/wp-json\/wp\/v2\/posts"}],"about":[{"href":"https:\/\/linitiative.ca\/International\/wp-json\/wp\/v2\/types\/post"}],"author":[{"embeddable":true,"href":"https:\/\/linitiative.ca\/International\/wp-json\/wp\/v2\/users\/1741"}],"replies":[{"embeddable":true,"href":"https:\/\/linitiative.ca\/International\/wp-json\/wp\/v2\/comments?post=139740"}],"version-history":[{"count":0,"href":"https:\/\/linitiative.ca\/International\/wp-json\/wp\/v2\/posts\/139740\/revisions"}],"wp:attachment":[{"href":"https:\/\/linitiative.ca\/International\/wp-json\/wp\/v2\/media?parent=139740"}],"wp:term":[{"taxonomy":"category","embeddable":true,"href":"https:\/\/linitiative.ca\/International\/wp-json\/wp\/v2\/categories?post=139740"},{"taxonomy":"post_tag","embeddable":true,"href":"https:\/\/linitiative.ca\/International\/wp-json\/wp\/v2\/tags?post=139740"}],"curies":[{"name":"wp","href":"https:\/\/api.w.org\/{rel}","templated":true}]}}