{"id":139741,"date":"2022-01-29T05:00:00","date_gmt":"2022-01-29T10:00:00","guid":{"rendered":"https:\/\/linitiative.ca\/International\/ghali-tient-le-maroc-pour-responsable-dans-les-developpements-dangereux-dans-la-region\/"},"modified":"2022-01-29T05:00:00","modified_gmt":"2022-01-29T10:00:00","slug":"ghali-tient-le-maroc-pour-responsable-dans-les-developpements-dangereux-dans-la-region","status":"publish","type":"post","link":"https:\/\/linitiative.ca\/International\/ghali-tient-le-maroc-pour-responsable-dans-les-developpements-dangereux-dans-la-region\/","title":{"rendered":"Ghali tient le Maroc pour responsable dans les d\u00e9veloppements dangereux dans la r\u00e9gion"},"content":{"rendered":"<div>Le Pr\u00e9sident sahraoui, secr\u00e9taire g\u00e9n\u00e9ral du Front Polisario, Brahim Ghali, a tenu responsable l\u2019occupant marocain des graves d\u00e9veloppements qui menacent la paix et la s\u00e9curit\u00e9 dans la r\u00e9gion.<\/div>\n<p>Auteur:<br \/>\n<a href=\"https:\/\/www.lesoirdalgerie.com\/monde\/ghali-tient-le-maroc-pour-responsable-dans-les-developpements-dangereux-dans-la-region-74497\">Cliquez ici pour lire l&rsquo;article depuis sa source.<\/a><\/p>\n","protected":false},"excerpt":{"rendered":"<p>Le Pr\u00e9sident sahraoui, secr\u00e9taire g\u00e9n\u00e9ral du Front Polisario, Brahim Ghali, a tenu responsable l\u2019occupant marocain des graves d\u00e9veloppements qui menacent la paix et la s\u00e9curit\u00e9 dans la r\u00e9gion. Auteur: Cliquez ici pour lire l&rsquo;article depuis sa source.<\/p>\n","protected":false},"author":1741,"featured_media":0,"comment_status":"closed","ping_status":"closed","sticky":false,"template":"","format":"standard","meta":{"fifu_image_url":"","fifu_image_alt":"","footnotes":""},"categories":[73,53],"tags":[],"class_list":["post-139741","post","type-post","status-publish","format-standard","hentry","category-actualite","category-algerie"],"_links":{"self":[{"href":"https:\/\/linitiative.ca\/International\/wp-json\/wp\/v2\/posts\/139741","targetHints":{"allow":["GET"]}}],"collection":[{"href":"https:\/\/linitiative.ca\/International\/wp-json\/wp\/v2\/posts"}],"about":[{"href":"https:\/\/linitiative.ca\/International\/wp-json\/wp\/v2\/types\/post"}],"author":[{"embeddable":true,"href":"https:\/\/linitiative.ca\/International\/wp-json\/wp\/v2\/users\/1741"}],"replies":[{"embeddable":true,"href":"https:\/\/linitiative.ca\/International\/wp-json\/wp\/v2\/comments?post=139741"}],"version-history":[{"count":0,"href":"https:\/\/linitiative.ca\/International\/wp-json\/wp\/v2\/posts\/139741\/revisions"}],"wp:attachment":[{"href":"https:\/\/linitiative.ca\/International\/wp-json\/wp\/v2\/media?parent=139741"}],"wp:term":[{"taxonomy":"category","embeddable":true,"href":"https:\/\/linitiative.ca\/International\/wp-json\/wp\/v2\/categories?post=139741"},{"taxonomy":"post_tag","embeddable":true,"href":"https:\/\/linitiative.ca\/International\/wp-json\/wp\/v2\/tags?post=139741"}],"curies":[{"name":"wp","href":"https:\/\/api.w.org\/{rel}","templated":true}]}}