{"id":139742,"date":"2022-01-29T05:00:00","date_gmt":"2022-01-29T10:00:00","guid":{"rendered":"https:\/\/linitiative.ca\/International\/ghannouchi-ne-recule-pas\/"},"modified":"2022-01-29T05:00:00","modified_gmt":"2022-01-29T10:00:00","slug":"ghannouchi-ne-recule-pas","status":"publish","type":"post","link":"https:\/\/linitiative.ca\/International\/ghannouchi-ne-recule-pas\/","title":{"rendered":"Ghannouchi ne recule pas"},"content":{"rendered":"<div>Le chef du parti islamiste et pr\u00e9sident du Parlement gel\u00e9 ne recule pas, et semble tenir t\u00eate au pr\u00e9sident de la R\u00e9publique, Ka\u00efs Sa\u00efed. Jeudi dernier, Ghannouchi, qui ne veut pas dispara\u00eetre de la sc\u00e8ne politique, a<\/div>\n<p>Auteur:<br \/>\n<a href=\"https:\/\/www.lesoirdalgerie.com\/monde\/ghannouchi-ne-recule-pas-74496\">Cliquez ici pour lire l&rsquo;article depuis sa source.<\/a><\/p>\n","protected":false},"excerpt":{"rendered":"<p>Le chef du parti islamiste et pr\u00e9sident du Parlement gel\u00e9 ne recule pas, et semble tenir t\u00eate au pr\u00e9sident de la R\u00e9publique, Ka\u00efs Sa\u00efed. Jeudi dernier, Ghannouchi, qui ne veut pas dispara\u00eetre de la sc\u00e8ne politique, a Auteur: Cliquez ici pour lire l&rsquo;article depuis sa source.<\/p>\n","protected":false},"author":1741,"featured_media":0,"comment_status":"closed","ping_status":"closed","sticky":false,"template":"","format":"standard","meta":{"fifu_image_url":"","fifu_image_alt":"","footnotes":""},"categories":[73,53],"tags":[],"class_list":["post-139742","post","type-post","status-publish","format-standard","hentry","category-actualite","category-algerie"],"_links":{"self":[{"href":"https:\/\/linitiative.ca\/International\/wp-json\/wp\/v2\/posts\/139742","targetHints":{"allow":["GET"]}}],"collection":[{"href":"https:\/\/linitiative.ca\/International\/wp-json\/wp\/v2\/posts"}],"about":[{"href":"https:\/\/linitiative.ca\/International\/wp-json\/wp\/v2\/types\/post"}],"author":[{"embeddable":true,"href":"https:\/\/linitiative.ca\/International\/wp-json\/wp\/v2\/users\/1741"}],"replies":[{"embeddable":true,"href":"https:\/\/linitiative.ca\/International\/wp-json\/wp\/v2\/comments?post=139742"}],"version-history":[{"count":0,"href":"https:\/\/linitiative.ca\/International\/wp-json\/wp\/v2\/posts\/139742\/revisions"}],"wp:attachment":[{"href":"https:\/\/linitiative.ca\/International\/wp-json\/wp\/v2\/media?parent=139742"}],"wp:term":[{"taxonomy":"category","embeddable":true,"href":"https:\/\/linitiative.ca\/International\/wp-json\/wp\/v2\/categories?post=139742"},{"taxonomy":"post_tag","embeddable":true,"href":"https:\/\/linitiative.ca\/International\/wp-json\/wp\/v2\/tags?post=139742"}],"curies":[{"name":"wp","href":"https:\/\/api.w.org\/{rel}","templated":true}]}}