{"id":139746,"date":"2022-01-29T16:45:33","date_gmt":"2022-01-29T21:45:33","guid":{"rendered":"https:\/\/linitiative.ca\/International\/tunisie-burkina-faso-conference-de-presse-dapres-match\/"},"modified":"2022-01-29T16:45:33","modified_gmt":"2022-01-29T21:45:33","slug":"tunisie-burkina-faso-conference-de-presse-dapres-match","status":"publish","type":"post","link":"https:\/\/linitiative.ca\/International\/tunisie-burkina-faso-conference-de-presse-dapres-match\/","title":{"rendered":"Tunisie \u2013 Burkina Faso : Conf\u00e9rence de presse d\u2019apr\u00e8s match"},"content":{"rendered":"<div>\n<p>En conf\u00e9rence de presse d\u2019apr\u00e8s match, le s\u00e9lectionneur des Aigles de Carthage de Tunisie, Mondher Kebaier s\u2019est exprim\u00e9 de l\u2019\u00e9limination de son \u00e9quipe : \u201cLa victoire n\u2019\u00e9tait pas de notre c\u00f4t\u00e9, nous n\u2019avons pas eu de chance. On a fait de notre mieux, on a conjugu\u00e9 nos efforts pour d\u00e9crocher la victoire mais on a [\u2026]<\/p>\n<p>L\u2019article <a href=\"https:\/\/sport.tunisienumerique.com\/tunisie-burkina-faso-conference-de-presse-dapres-match\/\">Tunisie \u2013 Burkina Faso : Conf\u00e9rence de presse d\u2019apr\u00e8s match<\/a> est apparu en premier sur <a href=\"https:\/\/www.tunisienumerique.com\/\">Tunisie<\/a>.<\/p>\n<\/div>\n<p>Auteur: Hamza Ben Khlifa<br \/>\n<a href=\"https:\/\/sport.tunisienumerique.com\/tunisie-burkina-faso-conference-de-presse-dapres-match\/\">Cliquez ici pour lire l&rsquo;article depuis sa source.<\/a><\/p>\n","protected":false},"excerpt":{"rendered":"<p>En conf\u00e9rence de presse d\u2019apr\u00e8s match, le s\u00e9lectionneur des Aigles de Carthage de Tunisie, Mondher Kebaier s\u2019est exprim\u00e9 de l\u2019\u00e9limination de son \u00e9quipe : \u201cLa victoire n\u2019\u00e9tait pas de notre c\u00f4t\u00e9, nous n\u2019avons pas eu de chance. On a fait de notre mieux, on a conjugu\u00e9 nos efforts pour d\u00e9crocher la victoire mais on a [&hellip;]<\/p>\n","protected":false},"author":1789,"featured_media":0,"comment_status":"closed","ping_status":"closed","sticky":false,"template":"","format":"standard","meta":{"fifu_image_url":"","fifu_image_alt":"","footnotes":""},"categories":[73,55],"tags":[],"class_list":["post-139746","post","type-post","status-publish","format-standard","hentry","category-actualite","category-tunisie"],"_links":{"self":[{"href":"https:\/\/linitiative.ca\/International\/wp-json\/wp\/v2\/posts\/139746","targetHints":{"allow":["GET"]}}],"collection":[{"href":"https:\/\/linitiative.ca\/International\/wp-json\/wp\/v2\/posts"}],"about":[{"href":"https:\/\/linitiative.ca\/International\/wp-json\/wp\/v2\/types\/post"}],"author":[{"embeddable":true,"href":"https:\/\/linitiative.ca\/International\/wp-json\/wp\/v2\/users\/1789"}],"replies":[{"embeddable":true,"href":"https:\/\/linitiative.ca\/International\/wp-json\/wp\/v2\/comments?post=139746"}],"version-history":[{"count":0,"href":"https:\/\/linitiative.ca\/International\/wp-json\/wp\/v2\/posts\/139746\/revisions"}],"wp:attachment":[{"href":"https:\/\/linitiative.ca\/International\/wp-json\/wp\/v2\/media?parent=139746"}],"wp:term":[{"taxonomy":"category","embeddable":true,"href":"https:\/\/linitiative.ca\/International\/wp-json\/wp\/v2\/categories?post=139746"},{"taxonomy":"post_tag","embeddable":true,"href":"https:\/\/linitiative.ca\/International\/wp-json\/wp\/v2\/tags?post=139746"}],"curies":[{"name":"wp","href":"https:\/\/api.w.org\/{rel}","templated":true}]}}