{"id":139748,"date":"2022-01-29T07:43:09","date_gmt":"2022-01-29T12:43:09","guid":{"rendered":"https:\/\/linitiative.ca\/International\/situation-politique-nationale-le-pdp-ps-prend-acte-et-fait-des-propositions\/"},"modified":"2022-01-29T07:43:09","modified_gmt":"2022-01-29T12:43:09","slug":"situation-politique-nationale-le-pdp-ps-prend-acte-et-fait-des-propositions","status":"publish","type":"post","link":"https:\/\/linitiative.ca\/International\/situation-politique-nationale-le-pdp-ps-prend-acte-et-fait-des-propositions\/","title":{"rendered":"Situation politique nationale :Le PDP\/PS prend acte et fait des propositions \u00a0"},"content":{"rendered":"<div>\n<p><strong>Le Parti pour la d\u00e9mocratie et le progr\u00e8s\/parti socialiste (PDP\/PS) a anim\u00e9 le vendredi 28 janvier 2022 \u00e0 Ouagadougou, une conf\u00e9rence de presse pour apporter sa contribution \u00e0 la <em>\u2019\u2019restauration\u2019\u2019<\/em> et la <em>\u2019\u2019sauvegarde\u2019\u2019<\/em> du pays. <\/strong><\/p>\n<p><em>\u00ab\u00a0Le PDP\/PS prend acte, bien que conscient que tout coup d\u2019Etat est par principe condamnable\u00a0\u00bb,<\/em> c\u2019est ce qu\u2019a indiqu\u00e9 le pr\u00e9sident du Parti pour la d\u00e9mocratie et le progr\u00e8s\/parti socialiste (PDP\/PS) du Toro Drabo, lors de sa rencontre avec la presse ce vendredi 28 janvier 2022. Selon lui, depuis l\u2019av\u00e8nement de l\u2019Ex-parti majoritaire au pouvoir, le Burkina Faso est \u00e0 la crois\u00e9e des chemins sur tous les \u00a0plans. Et malgr\u00e9 leurs mises en garde, l\u2019Ex-pr\u00e9sident, Roch Marc Christian Kabor\u00e9 est rest\u00e9 dans son immobilisme<em>. \u00ab\u00a0En tant que d\u00e9mocrate, nous ne pouvons pas soutenir un coup de force mais je dis, nous prenons actes car si le Mouvement pour la sauvegarde et la restauration (MPSR) est venu pour permettre \u00e0 ces millions de burkinab\u00e8 d\u00e9plac\u00e9s de recouvrir leurs dignit\u00e9s nous n\u2019y voyons d\u2019inconv\u00e9nient \u00e0 leur accompagner\u00a0\u00bb<\/em>, a indiqu\u00e9 M. Drabo. Pour se faire, le PDP\/PS pense que la junte, pour r\u00e9ussir sa mission doit mettre l\u2019accent sur plusieurs actions concr\u00e8tes. Il s\u2019agit de la transparence dans la pratique sociale\u00a0; le respect de la libert\u00e9\u00a0; la v\u00e9rit\u00e9 dans les relations entre les hommes, la gouvernance de l\u2019ex\u00e9cution, de l\u2019Assembl\u00e9e, du judiciaire au niveau de l\u2019Etat\u00a0; la justice, r\u00e9f\u00e9rence \u00e0 l\u2019\u00e9galit\u00e9, l\u2019\u00e9quilibre dans les relations entre les hommes et enfin, le progr\u00e8s, sensation r\u00e9elle de mieux-\u00eatre de tous les Burkinab\u00e8. Et puisque la constitution est suspendue, le parti propose un d\u00e9veloppement endog\u00e8ne bas\u00e9 sur une constitution endog\u00e8ne qui prend en compte l\u2019avis de toutes les communaut\u00e9s. <em>\u00ab\u00a0Aujourd\u2019hui aucune communaut\u00e9 ne se reconnait dans l\u2019actuelle constitution du Burkina Faso\u00a0qui a toujours \u00e9t\u00e9 critique de 1960 \u00e0 nos jours\u00bb<\/em>, a-t-il estim\u00e9.\u00a0 \u00cates-vous pr\u00eat \u00e0 accompagner les nouvelles autorit\u00e9s\u00a0? Avez-vous un calendrier pour le retour \u00e0 l\u2019ordre constitutionnel\u00a0? Comment r\u00e9agissez-vous aux sanctions de la CEDEAO\u00a0? A ces pr\u00e9occupations, Toro Drabo et ses camarades soutiennent que s\u2019ils ont demand\u00e9 le d\u00e9part de l\u2019Ex-pr\u00e9sident c\u2019est parce qu\u2019il n\u2019a pas fait ses preuves et les d\u00e9buts de la junte sont prometteurs. <em>\u00ab\u00a0Le nouveau pr\u00e9sident et son mouvement disent qu\u2019il veulent restaurer. Apr\u00e8s la restauration, ils font sauvegarder mais il faut qu\u2019ils pensent aussi \u00e0 revaloriser. Et dans ce sens, nous allons engager \u00e0 les accompagner. Seulement en chemin, si nous nous rendons compte qu\u2019il y a une contradiction entre ce qu\u2019ils ont dit et ce qu\u2019ils font, nous allons leur signifier notre d\u00e9marcation\u00a0\u00bb<\/em>, ont-ils averti. Revenant sur un probable date pour un retour \u00e0 l\u2019ordre constitutionnel, le PDP\/PS pense qu\u2019il ne faut pas jeter le b\u00e9b\u00e9 avec l\u2019eau du bain. <em>\u00ab\u00a0Aujourd\u2019hui la priorit\u00e9 est la reconqu\u00eate du territoire et le retour des d\u00e9plac\u00e9s internes dans leurs villages d\u2019origine et si cela doit prendre un temps, il faut que nous leur accordons ce temps. Mais notre souhait c\u2019est que ce soit le plut\u00f4t possible\u00a0\u00bb<\/em>, a soulign\u00e9 M. Drabo. Face aux sanctions de la CEDEAO, le PDP\/PS rassure que c\u2019est les principes de la communaut\u00e9 mais que dans leurs principes, elle devrait tenir compte de la r\u00e9alit\u00e9 sur le terrain. <em>\u00ab\u00a0Beaucoup de personnes sont marqu\u00e9s par cette situation et nous ne pouvons pas accepter ces lois car les lois existent parce que nous sommes en vie. Si tel n\u2019est pas les cas, les lois ne servent \u00e0 rien\u00a0\u00bb<\/em>, a laiss\u00e9 entendre le parti. Le pr\u00e9sidium de ce face \u00e0 face avec la presse a invit\u00e9 tous les Burkinab\u00e8 \u00e0 faire corps avec le nouveau r\u00e9gime pour sortir le pays de cette situation.<\/p>\n<p><strong>Donald Wendpouir\u00e9 NIKIEMA<\/strong><\/p>\n<p>L\u2019article <a rel=\"nofollow\" href=\"https:\/\/www.sidwaya.info\/blog\/2022\/01\/29\/situation-politique-nationale-le-pdp-ps-prend-acte-et-fait-des-propositions\/\">Situation politique nationale :Le PDP\/PS prend acte et fait des propositions \u00a0<\/a> est apparu en premier sur <a rel=\"nofollow\" href=\"https:\/\/www.sidwaya.info\/\">Quotidien Sidwaya<\/a>.<\/p>\n<\/div>\n<p>Auteur: BS. Sidwaya<br \/>\n<a href=\"https:\/\/www.sidwaya.info\/blog\/2022\/01\/29\/situation-politique-nationale-le-pdp-ps-prend-acte-et-fait-des-propositions\/?utm_source=rss&#038;utm_medium=rss&#038;utm_campaign=situation-politique-nationale-le-pdp-ps-prend-acte-et-fait-des-propositions\">Cliquez ici pour lire l&rsquo;article depuis sa source.<\/a><\/p>\n","protected":false},"excerpt":{"rendered":"<p>Le Parti pour la d\u00e9mocratie et le progr\u00e8s\/parti socialiste (PDP\/PS) a anim\u00e9 le vendredi 28 janvier 2022 \u00e0 Ouagadougou, une conf\u00e9rence de presse pour apporter sa contribution \u00e0 la \u2019\u2019restauration\u2019\u2019 et la \u2019\u2019sauvegarde\u2019\u2019 du pays. \u00ab\u00a0Le PDP\/PS prend acte, bien que conscient que tout coup d\u2019Etat est par principe condamnable\u00a0\u00bb, c\u2019est ce qu\u2019a indiqu\u00e9 le [&hellip;]<\/p>\n","protected":false},"author":1816,"featured_media":0,"comment_status":"closed","ping_status":"closed","sticky":false,"template":"","format":"standard","meta":{"fifu_image_url":"","fifu_image_alt":"","footnotes":""},"categories":[73,81],"tags":[],"class_list":["post-139748","post","type-post","status-publish","format-standard","hentry","category-actualite","category-burkina-faso"],"_links":{"self":[{"href":"https:\/\/linitiative.ca\/International\/wp-json\/wp\/v2\/posts\/139748","targetHints":{"allow":["GET"]}}],"collection":[{"href":"https:\/\/linitiative.ca\/International\/wp-json\/wp\/v2\/posts"}],"about":[{"href":"https:\/\/linitiative.ca\/International\/wp-json\/wp\/v2\/types\/post"}],"author":[{"embeddable":true,"href":"https:\/\/linitiative.ca\/International\/wp-json\/wp\/v2\/users\/1816"}],"replies":[{"embeddable":true,"href":"https:\/\/linitiative.ca\/International\/wp-json\/wp\/v2\/comments?post=139748"}],"version-history":[{"count":0,"href":"https:\/\/linitiative.ca\/International\/wp-json\/wp\/v2\/posts\/139748\/revisions"}],"wp:attachment":[{"href":"https:\/\/linitiative.ca\/International\/wp-json\/wp\/v2\/media?parent=139748"}],"wp:term":[{"taxonomy":"category","embeddable":true,"href":"https:\/\/linitiative.ca\/International\/wp-json\/wp\/v2\/categories?post=139748"},{"taxonomy":"post_tag","embeddable":true,"href":"https:\/\/linitiative.ca\/International\/wp-json\/wp\/v2\/tags?post=139748"}],"curies":[{"name":"wp","href":"https:\/\/api.w.org\/{rel}","templated":true}]}}