{"id":139749,"date":"2022-01-29T08:04:07","date_gmt":"2022-01-29T13:04:07","guid":{"rendered":"https:\/\/linitiative.ca\/International\/coup-detat-au-burkina-les-populations-de-ziniare-manifestent-leur-soutien-au-mpsr\/"},"modified":"2022-01-29T08:04:07","modified_gmt":"2022-01-29T13:04:07","slug":"coup-detat-au-burkina-les-populations-de-ziniare-manifestent-leur-soutien-au-mpsr","status":"publish","type":"post","link":"https:\/\/linitiative.ca\/International\/coup-detat-au-burkina-les-populations-de-ziniare-manifestent-leur-soutien-au-mpsr\/","title":{"rendered":"Coup d\u2019Etat au Burkina : Les populations de Ziniar\u00e9 manifestent leur soutien au MPSR"},"content":{"rendered":"<div>\n<p>Des populations de Ziniar\u00e9, dans la r\u00e9gion du Plateau central, sont sortis ce samedi 29 janvier 2022, pour manifester leur soutien au Mouvement patriotique pour la sauvegarde et la restauration (MPSR).\u00a0Un des repr\u00e9sentants des personnes d\u00e9plac\u00e9es internes (PDI), Bamogo Kigri a remerci\u00e9 la population de Ziniar\u00e9 pour leur hospitalit\u00e9. Car dit-il, il y a de cela 3 ans qu\u2019il a quitt\u00e9 Barsalogho pour Ziniar\u00e9. Il a ensuite appel\u00e9 la junte \u00e0 mettre tout en \u0153uvre pour le retour des PDI.<\/p>\n<p><strong>La R\u00e9daction<\/strong><\/p>\n<\/p>\n<p>L\u2019article <a rel=\"nofollow\" href=\"https:\/\/www.sidwaya.info\/blog\/2022\/01\/29\/coup-detat-au-burkina-les-populations-de-ziniare-manifestent-leur-soutien-au-mpsr\/\">Coup d\u2019Etat au Burkina : Les populations de Ziniar\u00e9 manifestent leur soutien au MPSR<\/a> est apparu en premier sur <a rel=\"nofollow\" href=\"https:\/\/www.sidwaya.info\/\">Quotidien Sidwaya<\/a>.<\/p>\n<\/div>\n<p>Auteur: Wamini SIDWAYA<br \/>\n<a href=\"https:\/\/www.sidwaya.info\/blog\/2022\/01\/29\/coup-detat-au-burkina-les-populations-de-ziniare-manifestent-leur-soutien-au-mpsr\/?utm_source=rss&#038;utm_medium=rss&#038;utm_campaign=coup-detat-au-burkina-les-populations-de-ziniare-manifestent-leur-soutien-au-mpsr\">Cliquez ici pour lire l&rsquo;article depuis sa source.<\/a><\/p>\n","protected":false},"excerpt":{"rendered":"<p>Des populations de Ziniar\u00e9, dans la r\u00e9gion du Plateau central, sont sortis ce samedi 29 janvier 2022, pour manifester leur soutien au Mouvement patriotique pour la sauvegarde et la restauration (MPSR).\u00a0Un des repr\u00e9sentants des personnes d\u00e9plac\u00e9es internes (PDI), Bamogo Kigri a remerci\u00e9 la population de Ziniar\u00e9 pour leur hospitalit\u00e9. Car dit-il, il y a de [&hellip;]<\/p>\n","protected":false},"author":1816,"featured_media":0,"comment_status":"closed","ping_status":"closed","sticky":false,"template":"","format":"standard","meta":{"fifu_image_url":"","fifu_image_alt":"","footnotes":""},"categories":[73,81],"tags":[],"class_list":["post-139749","post","type-post","status-publish","format-standard","hentry","category-actualite","category-burkina-faso"],"_links":{"self":[{"href":"https:\/\/linitiative.ca\/International\/wp-json\/wp\/v2\/posts\/139749","targetHints":{"allow":["GET"]}}],"collection":[{"href":"https:\/\/linitiative.ca\/International\/wp-json\/wp\/v2\/posts"}],"about":[{"href":"https:\/\/linitiative.ca\/International\/wp-json\/wp\/v2\/types\/post"}],"author":[{"embeddable":true,"href":"https:\/\/linitiative.ca\/International\/wp-json\/wp\/v2\/users\/1816"}],"replies":[{"embeddable":true,"href":"https:\/\/linitiative.ca\/International\/wp-json\/wp\/v2\/comments?post=139749"}],"version-history":[{"count":0,"href":"https:\/\/linitiative.ca\/International\/wp-json\/wp\/v2\/posts\/139749\/revisions"}],"wp:attachment":[{"href":"https:\/\/linitiative.ca\/International\/wp-json\/wp\/v2\/media?parent=139749"}],"wp:term":[{"taxonomy":"category","embeddable":true,"href":"https:\/\/linitiative.ca\/International\/wp-json\/wp\/v2\/categories?post=139749"},{"taxonomy":"post_tag","embeddable":true,"href":"https:\/\/linitiative.ca\/International\/wp-json\/wp\/v2\/tags?post=139749"}],"curies":[{"name":"wp","href":"https:\/\/api.w.org\/{rel}","templated":true}]}}