{"id":13975,"date":"2019-02-13T18:18:07","date_gmt":"2019-02-13T23:18:07","guid":{"rendered":"https:\/\/linitiative.ca\/International\/can-u20-macky-sall-felicite-les-lions-pour-leur-qualification-en-finale\/"},"modified":"2019-02-13T18:18:07","modified_gmt":"2019-02-13T23:18:07","slug":"can-u20-macky-sall-felicite-les-lions-pour-leur-qualification-en-finale","status":"publish","type":"post","link":"https:\/\/linitiative.ca\/International\/can-u20-macky-sall-felicite-les-lions-pour-leur-qualification-en-finale\/","title":{"rendered":"CAN U20 : Macky Sall \u00ab\u00a0f\u00e9licite\u00a0\u00bb les Lions pour leur qualification en finale"},"content":{"rendered":"<div readability=\"32\">\n<p>Publi\u00e9 le 14.02.2019 \u00e0 00h18 par APA News<\/p>\n<\/div>\n<div readability=\"67\">\n<p>Le chef d\u2019\u00c9tat sortant du S\u00e9n\u00e9gal, Macky Sall, a f\u00e9licit\u00e9 mercredi soir l\u2019\u00e9quipe nationale de football des moins de 20 ans de son pays apr\u00e8s sa qualification \u00e0 la finale de la CAN de sa cat\u00e9gorie, en battant l\u2019Afrique du Sud (1-0).Macky Sall a adress\u00e9 ces f\u00e9licitations \u00e0 Foundiougne, un d\u00e9partement de sa r\u00e9gion natale, Fatick (centre), o\u00f9 il \u00e9tait venu faire campagne pour sa r\u00e9\u00e9lection, quelques minutes seulement apr\u00e8s le coup de sifflet final de l\u2019arbitre au stade Seyni Kounti\u00e9 de Niamey, la capitale du Niger, o\u00f9 les Lions U20 ont battu leurs homologues sud-africains (1-0).<\/p>\n<p>Le but victorieux des prot\u00e9g\u00e9s du coach Youssouf Dabo a \u00e9t\u00e9 inscrit a la 70e minute sur un contre son camp du Sud-africain Givemore Khupe.<\/p>\n<p>Macky Sall, candidat de la coalition Benno Bokk Yaakaar (BBY, ensemble pour un m\u00eame espoir) pour la pr\u00e9sidentielle dont le premier tour est pr\u00e9vu le 24 f\u00e9vrier prochain, a souhait\u00e9 ainsi aux Lions U20 de remporter leur premier troph\u00e9e dans cette comp\u00e9tition, dimanche, lors de la finale contre le Mali, vainqueur aujourd\u2019hui en lev\u00e9e de rideau du Nigeria, apr\u00e8s tirs aux buts.<\/p>\n<p><ins data-revive-zoneid=\"9\" data-revive-id=\"10111e19d28d19d031742ee3b0b33eb0\"\/> <\/p>\n<p>Cette finale sera la troisi\u00e8me d\u2019affil\u00e9e pour l\u2019\u00e9quipe U20 du S\u00e9n\u00e9gal, apr\u00e8s avoir respectivement perdu les deux derni\u00e8res \u00e9ditions face \u00e0 la Zambie et le Nig\u00e9ria.<\/p>\n<p>Pour cette \u00e9dition, les Lions U20 ont fait carton plein dans la poule B avant de s\u2019imposer en demi-finale ce soir contre l\u2019Afrique du Sud.<\/p>\n<\/div>\n<p>Auteur: APA News<br \/>\n<a href=\"https:\/\/www.journalducameroun.com\/can-u20-macky-sall-felicite-les-lions-pour-leur-qualification-en-finale\/\">Cliquez ici pour lire l&rsquo;article depuis sa source.<\/a><\/p>\n","protected":false},"excerpt":{"rendered":"<p>Publi\u00e9 le 14.02.2019 \u00e0 00h18 par APA News Le chef d\u2019\u00c9tat sortant du S\u00e9n\u00e9gal, Macky Sall, a f\u00e9licit\u00e9 mercredi soir l\u2019\u00e9quipe nationale de football des moins de 20 ans de son pays apr\u00e8s sa qualification \u00e0 la finale de la CAN de sa cat\u00e9gorie, en battant l\u2019Afrique du Sud (1-0).Macky Sall a adress\u00e9 ces f\u00e9licitations [&hellip;]<\/p>\n","protected":false},"author":1965,"featured_media":0,"comment_status":"closed","ping_status":"closed","sticky":false,"template":"","format":"standard","meta":{"fifu_image_url":"","fifu_image_alt":"","footnotes":""},"categories":[73,82],"tags":[],"class_list":["post-13975","post","type-post","status-publish","format-standard","hentry","category-actualite","category-cameroun"],"_links":{"self":[{"href":"https:\/\/linitiative.ca\/International\/wp-json\/wp\/v2\/posts\/13975","targetHints":{"allow":["GET"]}}],"collection":[{"href":"https:\/\/linitiative.ca\/International\/wp-json\/wp\/v2\/posts"}],"about":[{"href":"https:\/\/linitiative.ca\/International\/wp-json\/wp\/v2\/types\/post"}],"author":[{"embeddable":true,"href":"https:\/\/linitiative.ca\/International\/wp-json\/wp\/v2\/users\/1965"}],"replies":[{"embeddable":true,"href":"https:\/\/linitiative.ca\/International\/wp-json\/wp\/v2\/comments?post=13975"}],"version-history":[{"count":0,"href":"https:\/\/linitiative.ca\/International\/wp-json\/wp\/v2\/posts\/13975\/revisions"}],"wp:attachment":[{"href":"https:\/\/linitiative.ca\/International\/wp-json\/wp\/v2\/media?parent=13975"}],"wp:term":[{"taxonomy":"category","embeddable":true,"href":"https:\/\/linitiative.ca\/International\/wp-json\/wp\/v2\/categories?post=13975"},{"taxonomy":"post_tag","embeddable":true,"href":"https:\/\/linitiative.ca\/International\/wp-json\/wp\/v2\/tags?post=13975"}],"curies":[{"name":"wp","href":"https:\/\/api.w.org\/{rel}","templated":true}]}}