{"id":139750,"date":"2022-01-29T08:13:42","date_gmt":"2022-01-29T13:13:42","guid":{"rendered":"https:\/\/linitiative.ca\/International\/coup-detat-au-burkina-ladf-rda-prend-acte-et-invite-le-mpsr-a-preserver-lintegrite-physique-du-president-roch\/"},"modified":"2022-01-29T08:13:42","modified_gmt":"2022-01-29T13:13:42","slug":"coup-detat-au-burkina-ladf-rda-prend-acte-et-invite-le-mpsr-a-preserver-lintegrite-physique-du-president-roch","status":"publish","type":"post","link":"https:\/\/linitiative.ca\/International\/coup-detat-au-burkina-ladf-rda-prend-acte-et-invite-le-mpsr-a-preserver-lintegrite-physique-du-president-roch\/","title":{"rendered":"Coup d\u2019Etat au Burkina\u00a0: L\u2019ADF\/RDA prend acte et invite le MPSR \u00e0 pr\u00e9server l\u2019int\u00e9grit\u00e9 physique du pr\u00e9sident Roch."},"content":{"rendered":"<div>\n<p>Peuple du Burkina Faso,<\/p>\n<p>Chers compatriotes de l\u2019int\u00e9rieur et de la diaspora,<\/p>\n<p>L\u2019Alliance pour la D\u00e9mocratie et la F\u00e9d\u00e9ration \u2013 Rassemblement D\u00e9mocratique Africain (ADF-RDA) a suivi avec un int\u00e9r\u00eat particulier la situation qu\u2019a travers\u00e9e notre pays la nuit du samedi 22 au dimanche 23 janvier 2022, ayant abouti \u00e0 la d\u00e9mission du Pr\u00e9sident Roch Marc Christian KABORE et \u00e0 la prise du pouvoir, dans l\u2019apr\u00e8s-midi du lundi 24 janvier 2022, par le Mouvement Patriotique pour la Sauvegarde et la Restauration (MPSR).<\/p>\n<p>L\u2019ADF-RDA prend acte de ce soubresaut militaro-politique qui intervient dans un contexte marqu\u00e9 par une crise s\u00e9curitaire g\u00e9n\u00e9ralis\u00e9e et \u00e9prouvante pour nos populations longtemps essouffl\u00e9es.<\/p>\n<p>Aussi, l\u2019ADF-RDA invite-t\u2019elle le MPSR \u00e0 pr\u00e9server l\u2019int\u00e9grit\u00e9 physique et mat\u00e9rielle du Pr\u00e9sident Roch Marc Christian KABORE et des membres de l\u2019ancien r\u00e9gime et \u00e0 travailler \u00e0 la r\u00e9conciliation sinc\u00e8re des filles et fils du Burkina Faso.<\/p>\n<p>Parti r\u00e9publicain et de paix, l\u2019ADF-RDA attache du prix aux principes d\u00e9mocratiques et constitutionnels gage d\u2019une nation forte et prosp\u00e8re.<\/p>\n<p>L\u2019ADF-RDA esp\u00e8re que le MPSR va ouvrir, dans les d\u00e9lais les meilleurs, une large concertation avec l\u2019ensemble des Burkinab\u00e8 afin de d\u00e9finir un cap qui pourra conduire au retour \u00e0 une vie constitutionnelle normale.<\/p>\n<p><strong>Que Dieu B\u00e9nisse le Burkina Faso !<\/strong><\/p>\n<p><strong>Paix \u2013 Libert\u00e9 \u2013 Justice<\/strong><\/p>\n<p><strong>\u00a0<\/strong><\/p>\n<p><strong>Fait \u00e0 Ouagadougou le 28 janvier 2022<\/strong><\/p>\n<p>\u00a0<\/p>\n<p>L\u2019article <a rel=\"nofollow\" href=\"https:\/\/www.sidwaya.info\/blog\/2022\/01\/29\/coup-detat-au-burkina-ladf-rda-prend-acte-et-invite-le-mpsr-a-preserver-lintegrite-physique-du-president-roch\/\">Coup d\u2019Etat au Burkina\u00a0: L\u2019ADF\/RDA prend acte et invite le MPSR \u00e0 pr\u00e9server l\u2019int\u00e9grit\u00e9 physique du pr\u00e9sident Roch.<\/a> est apparu en premier sur <a rel=\"nofollow\" href=\"https:\/\/www.sidwaya.info\/\">Quotidien Sidwaya<\/a>.<\/p>\n<\/div>\n<p>Auteur: Wamini SIDWAYA<br \/>\n<a href=\"https:\/\/www.sidwaya.info\/blog\/2022\/01\/29\/coup-detat-au-burkina-ladf-rda-prend-acte-et-invite-le-mpsr-a-preserver-lintegrite-physique-du-president-roch\/?utm_source=rss&#038;utm_medium=rss&#038;utm_campaign=coup-detat-au-burkina-ladf-rda-prend-acte-et-invite-le-mpsr-a-preserver-lintegrite-physique-du-president-roch\">Cliquez ici pour lire l&rsquo;article depuis sa source.<\/a><\/p>\n","protected":false},"excerpt":{"rendered":"<p>Peuple du Burkina Faso, Chers compatriotes de l\u2019int\u00e9rieur et de la diaspora, L\u2019Alliance pour la D\u00e9mocratie et la F\u00e9d\u00e9ration \u2013 Rassemblement D\u00e9mocratique Africain (ADF-RDA) a suivi avec un int\u00e9r\u00eat particulier la situation qu\u2019a travers\u00e9e notre pays la nuit du samedi 22 au dimanche 23 janvier 2022, ayant abouti \u00e0 la d\u00e9mission du Pr\u00e9sident Roch Marc [&hellip;]<\/p>\n","protected":false},"author":1816,"featured_media":0,"comment_status":"closed","ping_status":"closed","sticky":false,"template":"","format":"standard","meta":{"fifu_image_url":"","fifu_image_alt":"","footnotes":""},"categories":[73,81],"tags":[],"class_list":["post-139750","post","type-post","status-publish","format-standard","hentry","category-actualite","category-burkina-faso"],"_links":{"self":[{"href":"https:\/\/linitiative.ca\/International\/wp-json\/wp\/v2\/posts\/139750","targetHints":{"allow":["GET"]}}],"collection":[{"href":"https:\/\/linitiative.ca\/International\/wp-json\/wp\/v2\/posts"}],"about":[{"href":"https:\/\/linitiative.ca\/International\/wp-json\/wp\/v2\/types\/post"}],"author":[{"embeddable":true,"href":"https:\/\/linitiative.ca\/International\/wp-json\/wp\/v2\/users\/1816"}],"replies":[{"embeddable":true,"href":"https:\/\/linitiative.ca\/International\/wp-json\/wp\/v2\/comments?post=139750"}],"version-history":[{"count":0,"href":"https:\/\/linitiative.ca\/International\/wp-json\/wp\/v2\/posts\/139750\/revisions"}],"wp:attachment":[{"href":"https:\/\/linitiative.ca\/International\/wp-json\/wp\/v2\/media?parent=139750"}],"wp:term":[{"taxonomy":"category","embeddable":true,"href":"https:\/\/linitiative.ca\/International\/wp-json\/wp\/v2\/categories?post=139750"},{"taxonomy":"post_tag","embeddable":true,"href":"https:\/\/linitiative.ca\/International\/wp-json\/wp\/v2\/tags?post=139750"}],"curies":[{"name":"wp","href":"https:\/\/api.w.org\/{rel}","templated":true}]}}