{"id":139751,"date":"2022-01-29T10:35:44","date_gmt":"2022-01-29T15:35:44","guid":{"rendered":"https:\/\/linitiative.ca\/International\/coup-detat-au-burkina-faso-la-copa-bf-et-les-revoltes-mettent-en-garde-la-cedeao\/"},"modified":"2022-01-29T10:35:44","modified_gmt":"2022-01-29T15:35:44","slug":"coup-detat-au-burkina-faso-la-copa-bf-et-les-revoltes-mettent-en-garde-la-cedeao","status":"publish","type":"post","link":"https:\/\/linitiative.ca\/International\/coup-detat-au-burkina-faso-la-copa-bf-et-les-revoltes-mettent-en-garde-la-cedeao\/","title":{"rendered":"Coup d\u2019Etat au Burkina Faso\u00a0: La COPA-BF et les R\u00e9volt\u00e9s mettent en garde la CEDEAO"},"content":{"rendered":"<div>\n<p><strong>La Coalition des patriotes Africains du Burkina Faso (COPA-BF) et le mouvement Les R\u00e9volt\u00e9s ont anim\u00e9 une conf\u00e9rence de presse le vendredi 28 janvier 2022, \u00e0 Ouagadougou pour donner leur lecture de la situation nationale suite au Coup d\u2019Etat ayant abouti au renversement du pr\u00e9sident Roch Marc Christian Kabor\u00e9 par le Mouvement Patriotique pour la Sauvegarde et la Restauration (MPSR), conduit par le Lieutenant-Colonel Paul-Henri Sandaogo Damiba.<\/strong><\/p>\n<p>Depuis la chute du pr\u00e9sident du Roch Marc Christian Kabor\u00e9 et l\u2019av\u00e8nement du Mouvement Patriotique pour la Sauvegarde et la Restauration (MPSR) au pouvoir le 24 janvier 2022, les r\u00e9actions de condamnation ou de soutien au Coup d\u2019Etat se multiplient, \u00e0 l\u2019interne comme \u00e0 l\u2019international. Ce vendredi 28 janvier 2022, c\u2019\u00e9tait le tour de la Coalition des patriotes Africains du Burkina Faso (COPA-BF) et le mouvement Les R\u00e9volt\u00e9s de livrer leur lecture de la situation nationale aux Hommes et femmes de m\u00e9dias lors de point de presse organis\u00e9 \u00e0 cet effet.<\/p>\n<p><em>\u00ab\u00a0Il est d\u2019une \u00e9vidence criarde que nous saluons la d\u00e9mission de l\u2019ancien r\u00e9gime et la prise de pouvoir par les nouvelles autorit\u00e9s\u00a0\u00bb<\/em>, a laiss\u00e9 entendre Arouna Lour\u00e9 du mouvement Les R\u00e9volt\u00e9s et porte-parole des deux organisations.<\/p>\n<p>Nous osons croire, a-t-il poursuivi, que l\u2019av\u00e8nement du MPSR au pouvoir sonne le d\u00e9part d\u2019une transition g\u00e9n\u00e9rationnelle avec des hommes et des femmes int\u00e8gres, patriotes et d\u00e9sint\u00e9ress\u00e9s aussi bien au sein des forces de d\u00e9fense et de s\u00e9curit\u00e9 qu\u2019au niveau de la classe politique burkinab\u00e8. Car, le peuple Burkinab\u00e8 a longtemps souffert de la mal gouvernance. <em>\u00ab\u00a0Et aujourd\u2019hui, le MPSR a une opportunit\u00e9 qu\u2019on a qu\u2019une seule fois dans une vie pour donner \u00e0 notre patrie et \u00e0 notre peuple cet espoir jadis perdu. De m\u00eame, nous exhortons le MPSR de sortir des sch\u00e9mas classiques de transition qui ont fait l\u2019\u00e9chec de bons nombres de r\u00e9gimes dans notre patrie\u00a0\u00bb<\/em>, a ajout\u00e9 M. Lour\u00e9.<\/p>\n<p><strong>Gare aux opportunistes\u2026<\/strong><\/p>\n<p>Pour les conf\u00e9renciers du jour, apr\u00e8s cette victoire d\u2019\u00e9tape, ce qui importe maintenant est de b\u00e2tir un Etat fort au service du peuple, un Burkina Faso o\u00f9 l\u2019int\u00e9grit\u00e9, le patriotisme, le travail et la solidarit\u00e9 sont les leitmotivs du peuple mais surtout de sa classe dirigeante.<\/p>\n<p>Les deux organisations de la soci\u00e9t\u00e9 civile ont mis en garde ceux qui, au d\u00e9triment de l\u2019int\u00e9r\u00eat national, pensent trouver dans l\u2019av\u00e8nement du nouveau r\u00e9gime une opportunit\u00e9 pour remplacer les anciens potentats. \u00a0Elles \u00e9galement adress\u00e9 cette m\u00eame mise \u00e0 garde aux organisations internationales et r\u00e9gionales, notamment la CEDEAO qui viendraient \u00e0 sanctionner le peuple burkinab\u00e8 qui a pris ses responsabilit\u00e9s.<\/p>\n<figure id=\"attachment_44930\" aria-describedby=\"caption-attachment-44930\" style=\"width: 900px\" class=\"wp-caption alignnone\"><img decoding=\"async\" loading=\"lazy\" class=\"wp-image-44930 size-full\" src=\"https:\/\/linitiative.ca\/International\/wp-content\/uploads\/sites\/23\/2022\/01\/Ph-J.jpeg\" alt=\"\" width=\"900\" height=\"675\" srcset=\"https:\/\/linitiative.ca\/International\/wp-content\/uploads\/sites\/23\/2022\/01\/Ph-J.jpeg 900w, https:\/\/www.sidwaya.info\/wp-content\/uploads\/2022\/01\/Ph-J-300x225.jpeg 300w, https:\/\/www.sidwaya.info\/wp-content\/uploads\/2022\/01\/Ph-J-768x576.jpeg 768w, https:\/\/www.sidwaya.info\/wp-content\/uploads\/2022\/01\/Ph-J-150x113.jpeg 150w, https:\/\/www.sidwaya.info\/wp-content\/uploads\/2022\/01\/Ph-J-696x522.jpeg 696w, https:\/\/www.sidwaya.info\/wp-content\/uploads\/2022\/01\/Ph-J-560x420.jpeg 560w, https:\/\/www.sidwaya.info\/wp-content\/uploads\/2022\/01\/Ph-J-80x60.jpeg 80w, https:\/\/www.sidwaya.info\/wp-content\/uploads\/2022\/01\/Ph-J-265x198.jpeg 265w\" sizes=\"auto, (max-width: 900px) 100vw, 900px\"><figcaption id=\"caption-attachment-44930\" class=\"wp-caption-text\">Les questions des journalistes ont port\u00e9, entre autres, sur le casting pour le choix des hommes et des femmes pour conduire la transition<\/figcaption><\/figure>\n<p><em>\u00ab\u00a0Aujourd\u2019hui le peuple a d\u00e9cid\u00e9 de prendre en main son destin\u00a0; de ce fait la CEDEAO\u00a0doit accompagner le peuple et cesser ses sanctions. Nous sommes debout, nous allons nous mobiliser contre la CEDEAO. Et\u00a0\u00a0 \u00e0 chaque coup, elle retrouvera le peuple Burkinab\u00e9 sur son chemin, nous sommes clairs l\u00e0-dessus\u00a0\u00bb,<\/em> a pr\u00e9venu le porte-parole de la COPA-BF, Roland Bayala.<\/p>\n<p>Les animateurs de la conf\u00e9rence de presse ont salu\u00e9 \u00e0 sa juste valeur le premier discours du nouveau Chef de l\u2019Etat\u00a0; une allocution qu\u2019ils consid\u00e8rent comme donnant de l\u2019espoir au peuple Burkinab\u00e9s qui ne savait plus \u00e0 quel saint se vouer. Ils ont laiss\u00e9 entendre qu\u2019ils remettront un m\u00e9morandum sur la conduite de la transition aux nouvelles autorit\u00e9s.<\/p>\n<p>Mahamadi SEBOGO<\/p>\n<p>(<a href=\"mailto:windmad76@gmail.com\">windmad76@gmail.com<\/a><\/p>\n<p>Katia Jean-Fran\u00e7ois<\/p>\n<p>(Stagiaire)<\/p>\n<p>L\u2019article <a rel=\"nofollow\" href=\"https:\/\/www.sidwaya.info\/blog\/2022\/01\/29\/coup-detat-au-burkina-faso-la-copa-bf-et-les-revoltes-mettent-en-garde-la-cedeao\/\">Coup d\u2019Etat au Burkina Faso\u00a0: La COPA-BF et les R\u00e9volt\u00e9s mettent en garde la CEDEAO<\/a> est apparu en premier sur <a rel=\"nofollow\" href=\"https:\/\/www.sidwaya.info\/\">Quotidien Sidwaya<\/a>.<\/p>\n<\/div>\n<p>Auteur: Wamini SIDWAYA<br \/>\n<a href=\"https:\/\/www.sidwaya.info\/blog\/2022\/01\/29\/coup-detat-au-burkina-faso-la-copa-bf-et-les-revoltes-mettent-en-garde-la-cedeao\/?utm_source=rss&#038;utm_medium=rss&#038;utm_campaign=coup-detat-au-burkina-faso-la-copa-bf-et-les-revoltes-mettent-en-garde-la-cedeao\">Cliquez ici pour lire l&rsquo;article depuis sa source.<\/a><\/p>\n","protected":false},"excerpt":{"rendered":"<p>La Coalition des patriotes Africains du Burkina Faso (COPA-BF) et le mouvement Les R\u00e9volt\u00e9s ont anim\u00e9 une conf\u00e9rence de presse le vendredi 28 janvier 2022, \u00e0 Ouagadougou pour donner leur lecture de la situation nationale suite au Coup d\u2019Etat ayant abouti au renversement du pr\u00e9sident Roch Marc Christian Kabor\u00e9 par le Mouvement Patriotique pour la [&hellip;]<\/p>\n","protected":false},"author":1816,"featured_media":0,"comment_status":"closed","ping_status":"closed","sticky":false,"template":"","format":"standard","meta":{"fifu_image_url":"https:\/\/www.sidwaya.info\/wp-content\/uploads\/2022\/01\/Ph-J.jpeg","fifu_image_alt":"Coup d\u2019Etat au Burkina Faso\u00a0: La COPA-BF et les R\u00e9volt\u00e9s mettent en garde la CEDEAO","footnotes":""},"categories":[73,81],"tags":[],"class_list":["post-139751","post","type-post","status-publish","format-standard","hentry","category-actualite","category-burkina-faso"],"_links":{"self":[{"href":"https:\/\/linitiative.ca\/International\/wp-json\/wp\/v2\/posts\/139751","targetHints":{"allow":["GET"]}}],"collection":[{"href":"https:\/\/linitiative.ca\/International\/wp-json\/wp\/v2\/posts"}],"about":[{"href":"https:\/\/linitiative.ca\/International\/wp-json\/wp\/v2\/types\/post"}],"author":[{"embeddable":true,"href":"https:\/\/linitiative.ca\/International\/wp-json\/wp\/v2\/users\/1816"}],"replies":[{"embeddable":true,"href":"https:\/\/linitiative.ca\/International\/wp-json\/wp\/v2\/comments?post=139751"}],"version-history":[{"count":0,"href":"https:\/\/linitiative.ca\/International\/wp-json\/wp\/v2\/posts\/139751\/revisions"}],"wp:attachment":[{"href":"https:\/\/linitiative.ca\/International\/wp-json\/wp\/v2\/media?parent=139751"}],"wp:term":[{"taxonomy":"category","embeddable":true,"href":"https:\/\/linitiative.ca\/International\/wp-json\/wp\/v2\/categories?post=139751"},{"taxonomy":"post_tag","embeddable":true,"href":"https:\/\/linitiative.ca\/International\/wp-json\/wp\/v2\/tags?post=139751"}],"curies":[{"name":"wp","href":"https:\/\/api.w.org\/{rel}","templated":true}]}}