{"id":139753,"date":"2022-01-29T07:18:03","date_gmt":"2022-01-29T12:18:03","guid":{"rendered":"https:\/\/linitiative.ca\/International\/environnement-et-economie-au-menu-des-hebdomadaires-marocains\/"},"modified":"2022-01-29T07:18:03","modified_gmt":"2022-01-29T12:18:03","slug":"environnement-et-economie-au-menu-des-hebdomadaires-marocains","status":"publish","type":"post","link":"https:\/\/linitiative.ca\/International\/environnement-et-economie-au-menu-des-hebdomadaires-marocains\/","title":{"rendered":"Environnement et \u00e9conomie au menu des hebdomadaires marocains"},"content":{"rendered":"<div>\n<p><img decoding=\"async\" width=\"287\" height=\"176\" src=\"https:\/\/linitiative.ca\/International\/wp-content\/uploads\/sites\/23\/2022\/01\/16434586839244.jpg\" class=\"attachment-post-thumbnail size-post-thumbnail wp-post-image\" alt=\"\" loading=\"lazy\"><\/p>\n<p>Les enjeux environnementaux du Maroc, les d\u00e9fis conjoncturels de l&rsquo;ex\u00e9cutif et les cons\u00e9quences socio-\u00e9conomiques de la fermeture des fronti\u00e8res, sont les principaux sujets trait\u00e9s par les hebdomadaires marocains parus ce samedi.Ainsi, +La Vie \u00c9co+, qui s&rsquo;attarde sur la mont\u00e9e des pr\u00e9occupations d&rsquo;ordre environnemental et \u00e9cologique, \u00e9crit que toutes les tendances qui annoncent le visage futur de l&rsquo;\u00e9conomie mondiale \u00e0 savoir, les \u00e9nergies renouvelables, l&rsquo;hydrog\u00e8ne, l&rsquo;\u00e9conomie verte et circulaire, les modes de production propres\u2026sont bien pr\u00e9sentes au Maroc.<\/p>\n<p>Le Royaume a pendant longtemps b\u00e2ti son attractivit\u00e9 sur des \u00e9l\u00e9ments tels que la comp\u00e9titivit\u00e9 de ses co\u00fbts de production en plus aussi, depuis quelques ann\u00e9es, des param\u00e8tres infrastructures, connectivit\u00e9 et de la qualit\u00e9 des comp\u00e9tences, explique la publication, soulignant que ces facteurs sont toujours aussi n\u00e9cessaires mais d\u00e9sormais insuffisants.<\/p>\n<p>Ainsi, l&rsquo;\u00e9conomie, les entreprises, ainsi que les responsables des politiques publiques vont devoir op\u00e9rer une \u00e9ni\u00e8me r\u00e9volution pour s&rsquo;aligner sur ce que seront, dans tr\u00e8s peu de temps, les nouveaux standards de la comp\u00e9tition mondiale, estime-il, notant que cette comp\u00e9tition se fera aussi par l&rsquo;acc\u00e8s aux fonds disponibles et pr\u00eats \u00e0 s&rsquo;investir massivement dans la nouvelle \u00e9conomie.<\/p>\n<p>De son c\u00f4t\u00e9, +Challenge+, \u00e9crit que l&rsquo;ex\u00e9cutif s&rsquo;\u00e9tait engag\u00e9 sur des r\u00e9formes structurelles, de investissement public, l&rsquo;Etat-social, mais aussi la croissance, les projets structurants, mais face notamment \u00e0 la pand\u00e9mie de Covid qui continue de faire des siennes, et la r\u00e9ponse sanitaire indiscutablement co\u00fbteuse sur les plans socio-\u00e9conomiques, le climat d\u00e9favorable et l&rsquo;ann\u00e9e de s\u00e9cheresse, le pays a de r\u00e9elles urgences dont la gestion ne peut s&rsquo;inscrire dans la dur\u00e9e. Cela co\u00fbte de l&rsquo;argent, \u00e9norm\u00e9ment d&rsquo;argent.<\/p>\n<p>\u201cL&rsquo;ex\u00e9cutif a des visions strat\u00e9giques que l&rsquo;on peut ne pas partager, mais, son projet est lourdement percut\u00e9 par une conjoncture qu&rsquo;il subit, sans v\u00e9ritable responsabilit\u00e9 que celle de g\u00e9rer les al\u00e9as\u201d, estime-il, pr\u00e9cisant que si les taux d&rsquo;endettement augmentent, ce qui est probable dans les prochains mois, le service de la dette sera ultra-pr\u00e9occupant.<\/p>\n<p>L&rsquo;ex\u00e9cutif a besoin de r\u00e9viser sa copie. \u2018&rsquo;On va g\u00e9rer la conjoncture et on va tenir nos engagements\u00a0\u00bb, n&rsquo;est pas rationnellement tenable, souligne-t-il, relevant que face aux orages \u00e0 venir, il faut s\u00e9lectionner les investissements publics, en privil\u00e9giant les plus structurants et \u00e9viter un endettement impossible \u00e0 supporter est d\u00e9sormais un objectif.<\/p>\n<p>+Finances News hebdo+, qui revient sur les cons\u00e9quences \u00e9conomiques et sociales de la fermeture des fronti\u00e8res, \u00e9crit que le secteur touristique en particulier est tr\u00e8s sinistr\u00e9.<\/p>\n<p>Les op\u00e9rateurs de cet \u00e9cosyst\u00e8me sont asphyxi\u00e9s financi\u00e8rement et \u00e9conomiquement apr\u00e8s deux ans de pand\u00e9mie et la multiplication des restrictions, et ce malgr\u00e9 2 milliards DH pos\u00e9s sur la table par le minist\u00e8re de tutelle tout r\u00e9cemment, explique le journal, ajoutant que leur seule exigence du moment : rouvrir les fronti\u00e8res afin de leur permettre de retrouver un certain niveau d&rsquo;activit\u00e9.<\/p>\n<p>A c\u00f4t\u00e9 des op\u00e9rateurs touristiques dans le d\u00e9sarroi, et dont la grogne s&rsquo;amplifie, se joue un autre drame social, avec notamment tous ces Marocains bloqu\u00e9s \u00e0 l&rsquo;\u00e9tranger, loin de leurs familles, note-t-il.<\/p>\n<p>Cet article <a rel=\"nofollow\" href=\"https:\/\/www.journalducameroun.com\/environnement-et-economie-au-menu-des-hebdomadaires-marocains\/\">Environnement et \u00e9conomie au menu des hebdomadaires marocains<\/a> est apparu en premier sur <a rel=\"nofollow\" href=\"https:\/\/www.journalducameroun.com\/\">Journal du Cameroun<\/a>.<\/p>\n<\/div>\n<p>Auteur: APA News<br \/>\n<a href=\"https:\/\/www.journalducameroun.com\/environnement-et-economie-au-menu-des-hebdomadaires-marocains\/\">Cliquez ici pour lire l&rsquo;article depuis sa source.<\/a><\/p>\n","protected":false},"excerpt":{"rendered":"<p>Les enjeux environnementaux du Maroc, les d\u00e9fis conjoncturels de l&rsquo;ex\u00e9cutif et les cons\u00e9quences socio-\u00e9conomiques de la fermeture des fronti\u00e8res, sont les principaux sujets trait\u00e9s par les hebdomadaires marocains parus ce samedi.Ainsi, +La Vie \u00c9co+, qui s&rsquo;attarde sur la mont\u00e9e des pr\u00e9occupations d&rsquo;ordre environnemental et \u00e9cologique, \u00e9crit que toutes les tendances qui annoncent le visage futur [&hellip;]<\/p>\n","protected":false},"author":1965,"featured_media":0,"comment_status":"closed","ping_status":"closed","sticky":false,"template":"","format":"standard","meta":{"fifu_image_url":"https:\/\/www.journalducameroun.com\/wp-content\/uploads\/2022\/01\/16434586839244.jpg","fifu_image_alt":"Environnement et \u00e9conomie au menu des hebdomadaires marocains","footnotes":""},"categories":[73,82],"tags":[],"class_list":["post-139753","post","type-post","status-publish","format-standard","hentry","category-actualite","category-cameroun"],"_links":{"self":[{"href":"https:\/\/linitiative.ca\/International\/wp-json\/wp\/v2\/posts\/139753","targetHints":{"allow":["GET"]}}],"collection":[{"href":"https:\/\/linitiative.ca\/International\/wp-json\/wp\/v2\/posts"}],"about":[{"href":"https:\/\/linitiative.ca\/International\/wp-json\/wp\/v2\/types\/post"}],"author":[{"embeddable":true,"href":"https:\/\/linitiative.ca\/International\/wp-json\/wp\/v2\/users\/1965"}],"replies":[{"embeddable":true,"href":"https:\/\/linitiative.ca\/International\/wp-json\/wp\/v2\/comments?post=139753"}],"version-history":[{"count":0,"href":"https:\/\/linitiative.ca\/International\/wp-json\/wp\/v2\/posts\/139753\/revisions"}],"wp:attachment":[{"href":"https:\/\/linitiative.ca\/International\/wp-json\/wp\/v2\/media?parent=139753"}],"wp:term":[{"taxonomy":"category","embeddable":true,"href":"https:\/\/linitiative.ca\/International\/wp-json\/wp\/v2\/categories?post=139753"},{"taxonomy":"post_tag","embeddable":true,"href":"https:\/\/linitiative.ca\/International\/wp-json\/wp\/v2\/tags?post=139753"}],"curies":[{"name":"wp","href":"https:\/\/api.w.org\/{rel}","templated":true}]}}