{"id":139755,"date":"2022-01-29T08:18:03","date_gmt":"2022-01-29T13:18:03","guid":{"rendered":"https:\/\/linitiative.ca\/International\/le-president-senegalais-entame-une-visite-officielle-en-egypte\/"},"modified":"2022-01-29T08:18:03","modified_gmt":"2022-01-29T13:18:03","slug":"le-president-senegalais-entame-une-visite-officielle-en-egypte","status":"publish","type":"post","link":"https:\/\/linitiative.ca\/International\/le-president-senegalais-entame-une-visite-officielle-en-egypte\/","title":{"rendered":"Le pr\u00e9sident s\u00e9n\u00e9galais entame une visite officielle en Egypte"},"content":{"rendered":"<div>\n<p><img decoding=\"async\" width=\"1080\" height=\"744\" src=\"https:\/\/linitiative.ca\/International\/wp-content\/uploads\/sites\/23\/2022\/01\/16434622838620.jpg\" class=\"attachment-post-thumbnail size-post-thumbnail wp-post-image\" alt=\"\" loading=\"lazy\" srcset=\"https:\/\/linitiative.ca\/International\/wp-content\/uploads\/sites\/23\/2022\/01\/16434622838620.jpg 1080w, https:\/\/www.journalducameroun.com\/wp-content\/uploads\/2022\/01\/16434622838620-300x207.jpg 300w, https:\/\/www.journalducameroun.com\/wp-content\/uploads\/2022\/01\/16434622838620-1024x705.jpg 1024w, https:\/\/www.journalducameroun.com\/wp-content\/uploads\/2022\/01\/16434622838620-768x529.jpg 768w, https:\/\/www.journalducameroun.com\/wp-content\/uploads\/2022\/01\/16434622838620-639x440.jpg 639w, https:\/\/www.journalducameroun.com\/wp-content\/uploads\/2022\/01\/16434622838620-600x413.jpg 600w\" sizes=\"auto, (max-width: 1080px) 100vw, 1080px\"><\/p>\n<p>Par Mohamed Fayed &#8212; Le pr\u00e9sident \u00e9gyptien Abdel Fattah Al-Sissi a re\u00e7u, samedi, au Caire, son homologue s\u00e9n\u00e9galais, Macky Sall, lors d&rsquo;une c\u00e9r\u00e9monie d&rsquo;accueil officiel organis\u00e9 en son honneur.A l&rsquo;arriv\u00e9e du cort\u00e8ge du Chef de l&rsquo;Etat s\u00e9n\u00e9galais, le pr\u00e9sident Al-Sissi et son illustre h\u00f4te ont pass\u00e9 en revue un d\u00e9tachement de la garde d&rsquo;honneur avant de gagner la tribune d&rsquo;honneur pour saluer les couleurs nationales au son des hymnes nationaux des deux pays.<\/p>\n<p>Par la suite, les deux pr\u00e9sidents se sont entretenus en t\u00eate-\u00e0-t\u00eate avant de tenir une s\u00e9ance de discussions \u00e9largies en pr\u00e9sence des d\u00e9l\u00e9gations des deux pays, au cours desquelles le pr\u00e9sident \u00e9gyptien a exprim\u00e9 son appr\u00e9ciation pour les relations historiques \u00e9troites et la coop\u00e9ration entre les deux pays, soulignant la volont\u00e9 de l&rsquo;\u00c9gypte de renforcer davantage la coop\u00e9ration strat\u00e9gique avec le S\u00e9n\u00e9gal dans divers domaines et d&rsquo;\u00e9tablir un partenariat durable entre les deux pays.<\/p>\n<p>Le pr\u00e9sident Al-Sissi a salu\u00e9 le r\u00f4le important du S\u00e9n\u00e9gal dans la r\u00e9gion de l&rsquo;Afrique de l&rsquo;Ouest, ce qui requiert davantage la coordination et la coop\u00e9ration entre le Caire et Dakar pour ce qui est des questions de s\u00e9curit\u00e9 r\u00e9gionale et d&rsquo;int\u00e9gration en vue d&rsquo;\u00e9tablir la paix et la stabilit\u00e9 sur le continent africain.<\/p>\n<p>Au niveau des relations bilat\u00e9rales, le pr\u00e9sident \u00e9gyptien s&rsquo;est r\u00e9joui de l&rsquo;ampleur et de la port\u00e9e des relations avec le S\u00e9n\u00e9gal sur les plans politique, \u00e9conomique, s\u00e9curitaire et culturel, ainsi que la coop\u00e9ration croissante entre les deux pays dans le domaine du renforcement des capacit\u00e9s, mettant l&rsquo;accent sur l&rsquo;importance de continuer \u00e0 travailler pour le d\u00e9veloppement de projets de coop\u00e9ration bilat\u00e9rale entre les deux pays, notamment en ce qui concerne la promotion des \u00e9changes commerciaux et des investissements \u00e9gyptiens dans divers domaines.<\/p>\n<p>Pour sa part, le pr\u00e9sident s\u00e9n\u00e9galais s&rsquo;est f\u00e9licit\u00e9 des relations historiques distingu\u00e9es avec l&rsquo;\u00c9gypte, soulignant la n\u00e9cessit\u00e9 de d\u00e9velopper ces relations dans divers domaines, notamment commercial et \u00e9conomique. Il a \u00e9galement salu\u00e9 l&rsquo;activit\u00e9 des entreprises \u00e9gyptiennes au S\u00e9n\u00e9gal dans divers secteurs de la construction, du tourisme et des infrastructures, tout en exprimant son aspiration \u00e0 accro\u00eetre les investissements \u00e9gyptiens dans son pays, ainsi qu&rsquo;\u00e0 maximiser l&rsquo;appui technique apport\u00e9 par l&rsquo;\u00c9gypte au peuple s\u00e9n\u00e9galais dans les domaines du renforcement des capacit\u00e9s, en particulier \u00e0 la lumi\u00e8re de l&rsquo;\u00e9norme boom de d\u00e9veloppement que conna\u00eet actuellement l&rsquo;\u00c9gypte et des grands projets nationaux en cours et \u00e0 venir.<\/p>\n<p>Le pr\u00e9sident Macky Sall a \u00e9galement affirm\u00e9 la d\u00e9termination de son pays de b\u00e9n\u00e9ficier de l&rsquo;exp\u00e9rience et de la vision \u00e9gyptiennes pour renforcer l&rsquo;action africaine conjointe et diriger l&rsquo;Union africaine, en particulier \u00e0 la lumi\u00e8re de l&rsquo;accession prochaine du S\u00e9n\u00e9gal \u00e0 la pr\u00e9sidence tournante de l&rsquo;Union lors du prochain sommet panafricain pr\u00e9vu en f\u00e9vrier \u00e0 Addis-Abeba.<\/p>\n<p>Le continent africain en g\u00e9n\u00e9ral, et les r\u00e9gions du Sahel et de l&rsquo;Afrique de l&rsquo;Ouest font face \u00e0 des d\u00e9fis successifs et croissants, ce qui n\u00e9cessite d&rsquo;intensifier la coop\u00e9ration et la coordination avec l&rsquo;\u00c9gypte en termes de maintien de la paix et de la s\u00e9curit\u00e9 en vue de parvenir \u00e0 la stabilit\u00e9 r\u00e9gionale.<\/p>\n<p>A l&rsquo;issue des entretiens, les deux chefs d&rsquo;Etat ont pr\u00e9sid\u00e9 la c\u00e9r\u00e9monie de signature d&rsquo;accords de coop\u00e9ration dans les domaines de l&rsquo;\u00e9lectricit\u00e9, des \u00e9nergies renouvelables, de l&rsquo;arch\u00e9ologie, de la culture, des sports et de l&rsquo;exemption mutuelle de visas pour les titulaires de passeports diplomatiques et de mission.<\/p>\n<p>Cet article <a rel=\"nofollow\" href=\"https:\/\/www.journalducameroun.com\/le-president-senegalais-entame-une-visite-officielle-en-egypte\/\">Le pr\u00e9sident s\u00e9n\u00e9galais entame une visite officielle en Egypte<\/a> est apparu en premier sur <a rel=\"nofollow\" href=\"https:\/\/www.journalducameroun.com\/\">Journal du Cameroun<\/a>.<\/p>\n<\/div>\n<p>Auteur: APA News<br \/>\n<a href=\"https:\/\/www.journalducameroun.com\/le-president-senegalais-entame-une-visite-officielle-en-egypte\/\">Cliquez ici pour lire l&rsquo;article depuis sa source.<\/a><\/p>\n","protected":false},"excerpt":{"rendered":"<p>Par Mohamed Fayed &#8212; Le pr\u00e9sident \u00e9gyptien Abdel Fattah Al-Sissi a re\u00e7u, samedi, au Caire, son homologue s\u00e9n\u00e9galais, Macky Sall, lors d&rsquo;une c\u00e9r\u00e9monie d&rsquo;accueil officiel organis\u00e9 en son honneur.A l&rsquo;arriv\u00e9e du cort\u00e8ge du Chef de l&rsquo;Etat s\u00e9n\u00e9galais, le pr\u00e9sident Al-Sissi et son illustre h\u00f4te ont pass\u00e9 en revue un d\u00e9tachement de la garde d&rsquo;honneur avant [&hellip;]<\/p>\n","protected":false},"author":1965,"featured_media":0,"comment_status":"closed","ping_status":"closed","sticky":false,"template":"","format":"standard","meta":{"fifu_image_url":"https:\/\/www.journalducameroun.com\/wp-content\/uploads\/2022\/01\/16434622838620.jpg","fifu_image_alt":"Le pr\u00e9sident s\u00e9n\u00e9galais entame une visite officielle en Egypte","footnotes":""},"categories":[73,82],"tags":[],"class_list":["post-139755","post","type-post","status-publish","format-standard","hentry","category-actualite","category-cameroun"],"_links":{"self":[{"href":"https:\/\/linitiative.ca\/International\/wp-json\/wp\/v2\/posts\/139755","targetHints":{"allow":["GET"]}}],"collection":[{"href":"https:\/\/linitiative.ca\/International\/wp-json\/wp\/v2\/posts"}],"about":[{"href":"https:\/\/linitiative.ca\/International\/wp-json\/wp\/v2\/types\/post"}],"author":[{"embeddable":true,"href":"https:\/\/linitiative.ca\/International\/wp-json\/wp\/v2\/users\/1965"}],"replies":[{"embeddable":true,"href":"https:\/\/linitiative.ca\/International\/wp-json\/wp\/v2\/comments?post=139755"}],"version-history":[{"count":0,"href":"https:\/\/linitiative.ca\/International\/wp-json\/wp\/v2\/posts\/139755\/revisions"}],"wp:attachment":[{"href":"https:\/\/linitiative.ca\/International\/wp-json\/wp\/v2\/media?parent=139755"}],"wp:term":[{"taxonomy":"category","embeddable":true,"href":"https:\/\/linitiative.ca\/International\/wp-json\/wp\/v2\/categories?post=139755"},{"taxonomy":"post_tag","embeddable":true,"href":"https:\/\/linitiative.ca\/International\/wp-json\/wp\/v2\/tags?post=139755"}],"curies":[{"name":"wp","href":"https:\/\/api.w.org\/{rel}","templated":true}]}}