{"id":139761,"date":"2022-01-29T17:18:03","date_gmt":"2022-01-29T22:18:03","guid":{"rendered":"https:\/\/linitiative.ca\/International\/le-concept-elu-produit-de-lannee-sinstalle-en-cote-divoire\/"},"modified":"2022-01-29T17:18:03","modified_gmt":"2022-01-29T22:18:03","slug":"le-concept-elu-produit-de-lannee-sinstalle-en-cote-divoire","status":"publish","type":"post","link":"https:\/\/linitiative.ca\/International\/le-concept-elu-produit-de-lannee-sinstalle-en-cote-divoire\/","title":{"rendered":"Le concept \u00ab\u00a0Elu produit de l\u2019ann\u00e9e\u00a0\u00bb s\u2019installe en C\u00f4te d\u2019Ivoire"},"content":{"rendered":"<div>\n<p><img decoding=\"async\" width=\"448\" height=\"298\" src=\"https:\/\/linitiative.ca\/International\/wp-content\/uploads\/sites\/23\/2022\/01\/16434946832264.jpg\" class=\"attachment-post-thumbnail size-post-thumbnail wp-post-image\" alt=\"\" loading=\"lazy\" srcset=\"https:\/\/linitiative.ca\/International\/wp-content\/uploads\/sites\/23\/2022\/01\/16434946832264.jpg 448w, https:\/\/www.journalducameroun.com\/wp-content\/uploads\/2022\/01\/16434946832264-300x200.jpg 300w\" sizes=\"auto, (max-width: 448px) 100vw, 448px\"><\/p>\n<p>Le concept \u00ab\u00a0\u00c9lu Produit de l&rsquo;ann\u00e9e\u00a0\u00bb, visant \u00e0 d\u00e9signer des produits et services laur\u00e9ats, par des consommateurs, a \u00e9t\u00e9 lanc\u00e9 vendredi en C\u00f4te d&rsquo;Ivoire, 35 ans apr\u00e8s la cr\u00e9ation de ce concours qui se d\u00e9roule chaque ann\u00e9e dans pr\u00e8s de 40 pays.<\/p>\n<p>Le concept a \u00e9t\u00e9 lanc\u00e9 vendredi, en C\u00f4te d&rsquo;Ivoire, par M. Youssef Othmani, le managing director \u00ab\u00a0directeur g\u00e9n\u00e9ral\u00a0\u00bb et M. Ismail Ben Miled, lors d&rsquo;une conf\u00e9rence de presse, devant un pool de journalistes, dans un h\u00f4tel au Plateau, le Centre des Affaires d&rsquo;Abidjan.\u00a0<\/p>\n<p>\u00ab\u00a0Elu produit de l&rsquo;ann\u00e9e\u00a0\u00bb est le leader mondial en mati\u00e8re de troph\u00e9es pour l&rsquo;innovation produit, et le seul prix 100% d\u00e9sign\u00e9 par les consommateurs. Selon M. Ismail Ben Miled, aujourd&rsquo;hui, en Afrique le concept est pr\u00e9sent en Tunisie, Alg\u00e9rie, Maroc et l&rsquo;Afrique du Sud.\u00a0<\/p>\n<p>La C\u00f4te d&rsquo;Ivoire est le premier pays en Afrique de l&rsquo;Ouest o\u00f9 ce concept sera impl\u00e9ment\u00e9 d\u00e8s cette ann\u00e9e 2022. Ce concours se veut une \u00e9tude sur le comportement du consommateur face \u00e0 l&rsquo;innovation des produits.\u00a0<\/p>\n<p>Il concerne tous types de produits de large consommation et de services mettant en avant leurs innovations et a pour objectif de guider les consommateurs vers les meilleurs nouveaux produits disponibles sur le march\u00e9 et valoriser l&rsquo;innovation.<\/p>\n<p>Selon le processus, les entreprises dans une cat\u00e9gorie cibl\u00e9e s&rsquo;inscrivent et indiquent leur produit en remplissant un formulaire via un site web. Ensuite, une pr\u00e9s\u00e9lection est faite par un Comit\u00e9 d&rsquo;\u00e9thique.<\/p>\n<p>\u00a0\u00a0Les produits pr\u00e9s\u00e9lectionn\u00e9s seront pr\u00e9sent\u00e9s au sp\u00e9cialiste local de la recherche pour proc\u00e9der \u00e0 une enqu\u00eate aupr\u00e8s des consommateurs compos\u00e9s d&rsquo;un panel repr\u00e9sentatif de 2.400 consommateurs.\u00a0<\/p>\n<p>M. Youssef Othmani a relev\u00e9 que l&rsquo;\u00e9tude, men\u00e9e par un Cabinet reconnu, \u00e9valuera les produits pr\u00e9s\u00e9lectionn\u00e9s \u00e0 travers le plus grand sondage national aupr\u00e8s des consommateurs et identifiera les gagnants selon trois principaux crit\u00e8res.<\/p>\n<p>\u00a0Ces trois principaux crit\u00e8res sont notamment l&rsquo;innovation, l&rsquo;intention d&rsquo;achat et la qualit\u00e9 du produit, bas\u00e9s sur un param\u00e8tres de Score Global Product. Les gagnants et les participants re\u00e7oivent \u00e0 terme, \u00a0les rapports d&rsquo;enqu\u00eates de leurs cat\u00e9gories respectives. \u00a0<\/p>\n<p>Un \u00a0\u00ab\u00a0test en situation r\u00e9elle du produit\u00a0\u00bb est par ailleurs effectu\u00e9 aupr\u00e8s de m\u00e9nages. Tous les produits sont test\u00e9s par un panel repr\u00e9sentatif issu de familles consommatrices des produits candidats.<\/p>\n<p>Les testeurs re\u00e7oivent les produits avec leurs emballages pour une exp\u00e9rience client, authentique et en situation r\u00e9elle de consommation, une op\u00e9ration encadr\u00e9e par le partenaire d&rsquo;\u00e9tude, ind\u00e9pendant, de mani\u00e8re hebdomadaire.\u00a0<\/p>\n<p>M. Philippe Gelder est le concepteur du logo \u00ab\u00a0\u00c9lu produit de l&rsquo;ann\u00e9e\u00a0\u00bb qui r\u00e9compense l&rsquo;innovation pour les produits et les marques. Le concept fait son entr\u00e9e en C\u00f4te d&rsquo;Ivoire gr\u00e2ce au mandat donn\u00e9 \u00e0 sa repr\u00e9sentation en Afrique du Nord (Alg\u00e9rie, Maroc, Tunisie).<\/p>\n<p>\u00ab\u00a0Aujourd&rsquo;hui, nous arrivons en C\u00f4te d&rsquo;Ivoire (&#8230;) parce qu&rsquo;il faut que nous ayons les bonnes personnes, le bon contexte. Nous allons d\u00e9fendre les valeurs de ce logo avec une \u00e9quipe de qualit\u00e9 et en respectant tous les param\u00e8tres\u00a0\u00bb, a-t-il dit. \u00a0 \u00a0 \u00a0<\/p>\n<p>Cr\u00e9e en 1987, le logo \u00ab\u00a0\u00c9lu produit de l&rsquo;ann\u00e9e\u00a0\u00bb est aujourd&rsquo;hui pr\u00e9sent dans pr\u00e8s de 40 pays soit plus de 3,5 milliards de consommateurs \u00e0 travers le monde qui sont expos\u00e9s au fameux logo rouge.\u00a0<\/p>\n<p>Le logo a pour but essentiel de guider le consommateur vers les nouveaux produits sur le march\u00e9 et de r\u00e9compenser les marques et les fournisseurs de services pour leurs innovations. Il est d\u00e9cern\u00e9 par un \u00e9chantillon repr\u00e9sentatif de la population. Une distinction qui sert d&rsquo;indicateur pour les acheteurs, en suivant la recommandation de milliers d&rsquo;autres consommateurs.<\/p>\n<p>Quant aux produits gagnants, le logo repr\u00e9sente pour eux un argument marketing tr\u00e8s puissant, avec des r\u00e9sultats prouv\u00e9s notamment \u00e0 travers l&rsquo;augmentation des ventes, l&rsquo;\u00e9largissement de la distribution et la notori\u00e9t\u00e9 de la marque.<\/p>\n<p>Cet article <a rel=\"nofollow\" href=\"https:\/\/www.journalducameroun.com\/le-concept-elu-produit-de-lannee-sinstalle-en-cote-divoire\/\">Le concept \u00ab\u00a0Elu produit de l\u2019ann\u00e9e\u00a0\u00bb s\u2019installe en C\u00f4te d\u2019Ivoire<\/a> est apparu en premier sur <a rel=\"nofollow\" href=\"https:\/\/www.journalducameroun.com\/\">Journal du Cameroun<\/a>.<\/p>\n<\/div>\n<p>Auteur: APA News<br \/>\n<a href=\"https:\/\/www.journalducameroun.com\/le-concept-elu-produit-de-lannee-sinstalle-en-cote-divoire\/\">Cliquez ici pour lire l&rsquo;article depuis sa source.<\/a><\/p>\n","protected":false},"excerpt":{"rendered":"<p>Le concept \u00ab\u00a0\u00c9lu Produit de l&rsquo;ann\u00e9e\u00a0\u00bb, visant \u00e0 d\u00e9signer des produits et services laur\u00e9ats, par des consommateurs, a \u00e9t\u00e9 lanc\u00e9 vendredi en C\u00f4te d&rsquo;Ivoire, 35 ans apr\u00e8s la cr\u00e9ation de ce concours qui se d\u00e9roule chaque ann\u00e9e dans pr\u00e8s de 40 pays. Le concept a \u00e9t\u00e9 lanc\u00e9 vendredi, en C\u00f4te d&rsquo;Ivoire, par M. Youssef Othmani, [&hellip;]<\/p>\n","protected":false},"author":1965,"featured_media":0,"comment_status":"closed","ping_status":"closed","sticky":false,"template":"","format":"standard","meta":{"fifu_image_url":"https:\/\/www.journalducameroun.com\/wp-content\/uploads\/2022\/01\/16434946832264.jpg","fifu_image_alt":"Le concept \u00ab\u00a0Elu produit de l\u2019ann\u00e9e\u00a0\u00bb s\u2019installe en C\u00f4te d\u2019Ivoire","footnotes":""},"categories":[73,82],"tags":[],"class_list":["post-139761","post","type-post","status-publish","format-standard","hentry","category-actualite","category-cameroun"],"_links":{"self":[{"href":"https:\/\/linitiative.ca\/International\/wp-json\/wp\/v2\/posts\/139761","targetHints":{"allow":["GET"]}}],"collection":[{"href":"https:\/\/linitiative.ca\/International\/wp-json\/wp\/v2\/posts"}],"about":[{"href":"https:\/\/linitiative.ca\/International\/wp-json\/wp\/v2\/types\/post"}],"author":[{"embeddable":true,"href":"https:\/\/linitiative.ca\/International\/wp-json\/wp\/v2\/users\/1965"}],"replies":[{"embeddable":true,"href":"https:\/\/linitiative.ca\/International\/wp-json\/wp\/v2\/comments?post=139761"}],"version-history":[{"count":0,"href":"https:\/\/linitiative.ca\/International\/wp-json\/wp\/v2\/posts\/139761\/revisions"}],"wp:attachment":[{"href":"https:\/\/linitiative.ca\/International\/wp-json\/wp\/v2\/media?parent=139761"}],"wp:term":[{"taxonomy":"category","embeddable":true,"href":"https:\/\/linitiative.ca\/International\/wp-json\/wp\/v2\/categories?post=139761"},{"taxonomy":"post_tag","embeddable":true,"href":"https:\/\/linitiative.ca\/International\/wp-json\/wp\/v2\/tags?post=139761"}],"curies":[{"name":"wp","href":"https:\/\/api.w.org\/{rel}","templated":true}]}}