{"id":139763,"date":"2022-01-29T07:29:56","date_gmt":"2022-01-29T12:29:56","guid":{"rendered":"https:\/\/linitiative.ca\/International\/solidarite-lagro-industriel-sabc-au-chevet-des-deplaces-internes-a-maroua\/"},"modified":"2022-01-29T07:29:56","modified_gmt":"2022-01-29T12:29:56","slug":"solidarite-lagro-industriel-sabc-au-chevet-des-deplaces-internes-a-maroua","status":"publish","type":"post","link":"https:\/\/linitiative.ca\/International\/solidarite-lagro-industriel-sabc-au-chevet-des-deplaces-internes-a-maroua\/","title":{"rendered":"Solidarit\u00e9 : l\u2019agro-industriel SABC au chevet des d\u00e9plac\u00e9s internes \u00e0 Maroua"},"content":{"rendered":"<div>\n<p>Le Groupe Soci\u00e9t\u00e9 Anonyme des Brasseries du Cameroun (SABC) a la main sur le c\u0153ur, et ne se fait jamais prier pour faire valoir de fa\u00e7on optimale le volet Responsabilit\u00e9 Soci\u00e9tale des Entreprises (RSE) de ses activit\u00e9s. Mieux, cette soci\u00e9t\u00e9 brassicole se coltine brillamment sa casquette de premi\u00e8re entreprise citoyenne camerounaise. Elle vient de le t\u00e9moigner une fois encore, en se rendant au chevet des populations d\u00e9plac\u00e9es internes du d\u00e9partement du Logone et Chari, dans la r\u00e9gion de l\u2019Extr\u00eame-Nord.<\/p>\n<p><strong>Lire aussi : <a href=\"https:\/\/ecomatin.net\/le-brasseur-sabc-se-dote-dun-nouveau-laboratoire-central-pour-optimiser-son-rendement\/\">Le brasseur SABC se dote d\u2019un nouveau laboratoire central pour optimiser son rendement<\/a><\/strong><\/p>\n<p>Elle leur a apport\u00e9 une assistance humanitaire \u00e0 travers la remise d\u2019importants dons, au cours d\u2019une c\u00e9r\u00e9monie qui a eu lieu le 25 janvier dernier \u00e0 Maroua. Ces pr\u00e9sents \u00e9taient compos\u00e9s de denr\u00e9es alimentaires en l\u2019occurrence, constitu\u00e9es de \u00ab\u00a040 sacs de 50 kilogrammes de ma\u00efs blanc, 50 sacs de 50 kilogrammes de mil rouge, 50 sacs de 50 kilogrammes de riz, 1800 morceaux de savon de 400 grammes et 450 bouteilles d\u2019huile raffin\u00e9e en format d\u2019un litre\u00a0\u00bb, a pr\u00e9cis\u00e9 l\u2019entreprise dans une note d\u2019information.<\/p>\n<p><strong>Lire aussi : <a href=\"https:\/\/ecomatin.net\/rse-le-groupe-sabc-octroie-un-forage-aux-x-populations-de-kumba\/\">RSE : le <\/a><\/strong><a href=\"https:\/\/ecomatin.net\/rse-le-groupe-sabc-octroie-un-forage-aux-x-populations-de-kumba\/\"><strong>groupe Sabc octroie un forage aux populations de Kumba<\/strong><\/a><\/p>\n<p>Ce geste permettra ainsi \u00e0 ces populations de se revigorer, et d\u2019oublier tant soit peu les s\u00e9vices caus\u00e9s par la sale guerre qui oppose les Forces de d\u00e9fense et de s\u00e9curit\u00e9 camerounaises aux combattants de la secte islamiste Boko Haram, et qui les a contraint de quitter leurs terres pour se r\u00e9fugier \u00e0 Maroua.<\/p>\n<p><strong>Lire aussi : <a href=\"https:\/\/ecomatin.net\/la-sabc-va-sappeler-desormais-societe-anonyme-des-boissons-du-cameroun\/\">La SABC va s\u2019appeler d\u00e9sormais Soci\u00e9t\u00e9 anonyme d<\/a><\/strong><a href=\"https:\/\/ecomatin.net\/la-sabc-va-sappeler-desormais-societe-anonyme-des-boissons-du-cameroun\/\"><strong>es boissons du Cameroun<\/strong><\/a><\/p>\n<p>L\u2019\u00e9lan de solidarit\u00e9 de la SABC se poursuit, quelques jours seulement apr\u00e8s un autre geste de magnanimit\u00e9 au profit des populations de Kumba. Le brasseur camerounais a en effet dot\u00e9 les populations de cette localit\u00e9 du Sud-Ouest, d\u2019un un forage enti\u00e8rement construit et \u00e9quip\u00e9, lequel leur a \u00e9t\u00e9 r\u00e9troc\u00e9d\u00e9 le 14 janvier dernier au cours d\u2019une c\u00e9r\u00e9monie qui s\u2019est d\u00e9roul\u00e9e en pr\u00e9sence du Directeur G\u00e9n\u00e9ral du Groupe SABC, Emmanuel DE TAILLY, du Pr\u00e9fet du D\u00e9partement de la M\u00e9m\u00e9, Chamberlain Ntou\u2019ou Ndong, des autorit\u00e9s traditionnelles et des populations.<\/p>\n<p>L\u2019article <a rel=\"nofollow\" href=\"https:\/\/ecomatin.net\/solidarite-lagro-industriel-sabc-au-chevet-des-deplaces-internes-a-maroua\/\">Solidarit\u00e9 : l\u2019agro-industriel SABC au chevet des d\u00e9plac\u00e9s internes \u00e0 Maroua<\/a> est apparu en premier sur <a rel=\"nofollow\" href=\"https:\/\/ecomatin.net\/\">EcoMatin<\/a>.<\/p>\n<\/div>\n<p>Auteur: Yannick KENNE<br \/>\n<a href=\"https:\/\/ecomatin.net\/solidarite-lagro-industriel-sabc-au-chevet-des-deplaces-internes-a-maroua\/\">Cliquez ici pour lire l&rsquo;article depuis sa source.<\/a><\/p>\n","protected":false},"excerpt":{"rendered":"<p>Le Groupe Soci\u00e9t\u00e9 Anonyme des Brasseries du Cameroun (SABC) a la main sur le c\u0153ur, et ne se fait jamais prier pour faire valoir de fa\u00e7on optimale le volet Responsabilit\u00e9 Soci\u00e9tale des Entreprises (RSE) de ses activit\u00e9s. Mieux, cette soci\u00e9t\u00e9 brassicole se coltine brillamment sa casquette de premi\u00e8re entreprise citoyenne camerounaise. Elle vient de le [&hellip;]<\/p>\n","protected":false},"author":1969,"featured_media":0,"comment_status":"closed","ping_status":"closed","sticky":false,"template":"","format":"standard","meta":{"fifu_image_url":"","fifu_image_alt":"","footnotes":""},"categories":[82,78],"tags":[],"class_list":["post-139763","post","type-post","status-publish","format-standard","hentry","category-cameroun","category-economie"],"_links":{"self":[{"href":"https:\/\/linitiative.ca\/International\/wp-json\/wp\/v2\/posts\/139763","targetHints":{"allow":["GET"]}}],"collection":[{"href":"https:\/\/linitiative.ca\/International\/wp-json\/wp\/v2\/posts"}],"about":[{"href":"https:\/\/linitiative.ca\/International\/wp-json\/wp\/v2\/types\/post"}],"author":[{"embeddable":true,"href":"https:\/\/linitiative.ca\/International\/wp-json\/wp\/v2\/users\/1969"}],"replies":[{"embeddable":true,"href":"https:\/\/linitiative.ca\/International\/wp-json\/wp\/v2\/comments?post=139763"}],"version-history":[{"count":0,"href":"https:\/\/linitiative.ca\/International\/wp-json\/wp\/v2\/posts\/139763\/revisions"}],"wp:attachment":[{"href":"https:\/\/linitiative.ca\/International\/wp-json\/wp\/v2\/media?parent=139763"}],"wp:term":[{"taxonomy":"category","embeddable":true,"href":"https:\/\/linitiative.ca\/International\/wp-json\/wp\/v2\/categories?post=139763"},{"taxonomy":"post_tag","embeddable":true,"href":"https:\/\/linitiative.ca\/International\/wp-json\/wp\/v2\/tags?post=139763"}],"curies":[{"name":"wp","href":"https:\/\/api.w.org\/{rel}","templated":true}]}}