{"id":139764,"date":"2022-01-29T08:01:42","date_gmt":"2022-01-29T13:01:42","guid":{"rendered":"https:\/\/linitiative.ca\/International\/region-de-lest-le-marche-a-betail-de-gbiti-se-meurt\/"},"modified":"2022-01-29T08:01:42","modified_gmt":"2022-01-29T13:01:42","slug":"region-de-lest-le-marche-a-betail-de-gbiti-se-meurt","status":"publish","type":"post","link":"https:\/\/linitiative.ca\/International\/region-de-lest-le-marche-a-betail-de-gbiti-se-meurt\/","title":{"rendered":"R\u00e9gion de l\u2019Est : le march\u00e9 \u00e0 b\u00e9tail de Gbiti se meurt"},"content":{"rendered":"<div><div data-elementor-type=\"wp-post\" data-elementor-id=\"37611\" class=\"elementor elementor-37611\" data-elementor-settings=\"[]\">\n\t\t\t\t\t\t<div class=\"elementor-inner\">\n\t\t\t\t\t\t\t<div class=\"elementor-section-wrap\">\n\t\t\t\t\t\t\t<section data-particle_enable=\"false\" data-particle-mobile-disabled=\"false\" class=\"elementor-section elementor-top-section elementor-element elementor-element-247d08f7 elementor-section-boxed elementor-section-height-default elementor-section-height-default\" data-id=\"247d08f7\" data-element_type=\"section\" data-settings='{\"ekit_has_onepagescroll_dot\":\"yes\"}'>\n\t\t\t\t\t\t<div class=\"elementor-container elementor-column-gap-default\">\n\t\t\t\t\t\t\t<div class=\"elementor-row\">\n\t\t\t\t\t<div class=\"elementor-column elementor-col-100 elementor-top-column elementor-element elementor-element-2fd649ff\" data-id=\"2fd649ff\" data-element_type=\"column\">\n\t\t\t<div class=\"elementor-column-wrap elementor-element-populated\">\n\t\t\t\t\t\t\t<div class=\"elementor-widget-wrap\">\n\t\t\t\t\t\t<div class=\"elementor-element elementor-element-4d48bf52 elementor-widget elementor-widget-text-editor\" data-id=\"4d48bf52\" data-element_type=\"widget\" data-settings='{\"ekit_we_effect_on\":\"none\"}' data-widget_type=\"text-editor.default\">\n\t\t\t\t<div class=\"elementor-widget-container\">\n\t\t\t\t\t\t\t\t<div class=\"elementor-text-editor elementor-clearfix\">\n\t\t\t\t\n<p>Depuis quelques ann\u00e9es , l\u2019ambiance est morose chaque mardi au quartier Tik\u00e9 qui abrite le march\u00e9 p\u00e9riodique de b\u00e9tail de Gbiti. L\u2019affluence des ann\u00e9es ant\u00e9rieures dans cette localit\u00e9 frontali\u00e8re entre le Cameroun et la R\u00e9publique centrafricaine (RCA) dans l\u2019arrondissement de Kett\u00e9, d\u00e9partement de la Kadey \u00e0 l\u2019Est a disparu. Le march\u00e9, cr\u00e9\u00e9 il y a 30 ans, est devenu l\u2019ombre de lui-m\u00eame. \u00ab Vraiment, le march\u00e9 est tr\u00e8s mauvais, les \u00e9leveurs sont entre deux feux. En RCA, il y a les rebelles qui les agressent lorsqu\u2019ils veulent amener les animaux ici \u00bb, regrette Aladji Dewa, \u00e9leveur de la localit\u00e9.<\/p>\n\n\n\n<p><strong>Lire aussi<\/strong> : <strong><a href=\"https:\/\/ecomatin.net\/inflation-le-litre-dhuile-vegetale-e-grimpe-a-2000-fcfa-a-bertoua\/\">Inflation : le litre d\u2019huile v\u00e9g\u00e9tale grimpe \u00e0 2000 FCFA \u00e0 Bertoua<\/a><\/strong><\/p>\n\n\n\n<p>Ce 11 janvier 2022, les registres du Centre zootechnique et v\u00e9t\u00e9rinaire de Gbiti indiquent que \u00ab seulement 120 t\u00eates de b\u0153ufs en provenance de Touboro et Mbaimbom dans la r\u00e9gion du Nord ont \u00e9t\u00e9 recens\u00e9s sur le march\u00e9 \u00bb. Pourtant, les statistiques des m\u00eames registres r\u00e9v\u00e8lent que jusqu\u2019en 2013, ce march\u00e9 enregistrait chaque mardi, environ 2000 t\u00eates de b\u0153uf qui \u00e9taient tous vendus aux acheteurs en provenance de Bertoua, Yaound\u00e9 et Douala \u00ab Le march\u00e9 de b\u00e9tail de Gbiti est international. Avant la crise centrafricaine, les b\u0153ufs venaient du Soudan, du Tchad, du Grand Nord et de la RCA. On exposait environ 2000 b\u0153ufs chaque jour de march\u00e9. Mais depuis 2013, les \u00e9leveurs ne viennent plus \u00bb, affirme Signing Zella Eric Serge, chef du Centre depuis 2017.<\/p>\n\n\n\n<p><strong>D\u00e9sagr\u00e9ments<\/strong><\/p>\n\n\n\n<p>Outre l\u2019ins\u00e9curit\u00e9, les tracasseries routi\u00e8res et l\u2019arnaque ont d\u00e9courag\u00e9 les \u00e9leveurs \u00e0 venir exposer leur b\u00e9tail chaque mardi. \u00ab Les commer\u00e7ants sont r\u00e9guli\u00e8rement victimes de tracasseries militaires entre la RCA et le Cameroun. Pourtant, ils courent de gros risques en allant chercher les b\u0153ufs dans ce pays voisin pour satisfaire la forte demande toujours croissante. En dehors des taxes l\u00e9gales que sont la douane et les frais d\u2019inspection sanitaire et v\u00e9t\u00e9rinaire, les hommes en tenue exigent souvent jusqu\u2019\u00e0 2000 FCFA par t\u00eate de b\u0153uf comme condition d\u2019acc\u00e8s au march\u00e9. Parfois m\u00eame, ils interpellent les bergers qui refusent de verser cette somme \u00bb, s\u2019indigne Yaouba Souleymanou, d\u00e9l\u00e9gu\u00e9 des commer\u00e7ants du march\u00e9. Ce dernier indique que depuis 2018 qu\u2019il occupe cette fonction, \u00ab notre action c\u2019est de lutter contre ces tracasseries pour permettre aux \u00e9leveurs de Touboro et Mbaimbom (les seuls qui se battent encore pour ravitailler le march\u00e9 ; Ndlr) d\u2019amener leur b\u00e9tail \u00bb.<\/p>\n\n\n\n<p><strong>Psychose<\/strong><\/p>\n\n\n\n<p>L\u2019ins\u00e9curit\u00e9 et les tracasseries r\u00e9sultent des crises politiques successives en RCA. La premi\u00e8re vague de ces rebelles qui s\u00e8ment la terreur est constitu\u00e9e des \u00e9l\u00e9ments ayant pris part \u00e0 la r\u00e9bellion qui avait port\u00e9 Fran\u00e7ois Boziz\u00e9 au pouvoir en mars 2003. Seulement, nombre de ces \u00ab lib\u00e9rateurs \u00bb ne seront pas int\u00e9gr\u00e9s dans les Forces arm\u00e9es centrafricaines (Faca) comme ils l\u2019esp\u00e9raient. C\u2019est ainsi qu\u2019ils se sont reconvertis en coupeurs de route. Ceux-ci sont soup\u00e7onn\u00e9s d\u2019\u00eatre les auteurs des multiples attaques dans les villes frontali\u00e8res (Toktoyo, Ouli, Kett\u00e9, Gbiti) entre 2003 et 2005. En 2013, une deuxi\u00e8me vague de ces hors la loi est n\u00e9e lorsque Fran\u00e7ois Boziz\u00e9 est chass\u00e9 du pouvoir par la coalition S\u00e9l\u00e9ka. C\u2019est dans ce sillage que dans la nuit du 16 au 17 novembre 2013 Gbiti est attaqu\u00e9 par une colonne des hommes arm\u00e9s de fusils de guerre. Par la suite, un communiqu\u00e9 de presse sign\u00e9 par Edgard Alain Mebe Ngo\u2019o, alors ministre d\u00e9l\u00e9gu\u00e9 \u00e0 la pr\u00e9sidence charg\u00e9 de la d\u00e9fense, pr\u00e9cisait que \u00ab cinq assaillants avaient \u00e9t\u00e9 tu\u00e9s \u00e0 cette occasion. Un militaire camerounais a trouv\u00e9 la mort de m\u00eame qu\u2019un villageois lors de la contre-offensive de l\u2019arm\u00e9e camerounaise \u00bb. A la suite de cette attaque, la population civile avait compl\u00e8tement \u00e9vacu\u00e9 zone de Gbiti pour se r\u00e9fugier \u00e0 Bourbara, Batouri et Bertoua. Toujours \u00e0 Gbiti, le d\u00e9roulement du march\u00e9 de b\u00e9tail avait \u00e9t\u00e9 s\u00e9rieusement perturb\u00e9 le 1er mai 2012 par une attaque. Selon les commer\u00e7ants, \u00ab il y avait tr\u00e8s peu de b\u00e9tail au march\u00e9 parce que les \u00e9leveurs qui devraient traverser avec les b\u0153ufs de la Centrafrique ont \u00e9t\u00e9 attaqu\u00e9s non loin de la fronti\u00e8re avec le Cameroun \u00bb. En termes de bilan, ces diff\u00e9rentes incursions depuis pr\u00e8s de 20 ans ont laiss\u00e9 plusieurs morts sur le carreau, des centaines d\u2019enfants enlev\u00e9s et des centaines de millions de Fcfa arrach\u00e9s aupr\u00e8s des \u00e9leveurs, commer\u00e7ants et orpailleurs.<\/p>\n\n\n\n<p><strong>Lire aussi<\/strong> : <strong><a href=\"https:\/\/ecomatin.net\/finances-publiques-85-milliards-s-de-fcfa-collectes-a-lest-en-2021\/\">Finances publiques : 8,5 milliards de FCFA collect\u00e9s \u00e0 l\u2019Est en 2021<\/a><\/strong><\/p>\n\n\n\n<p>C\u2019est donc dans ce contexte de psychose g\u00e9n\u00e9rale que les populations de Gbiti ont assist\u00e9 \u00e0 l\u2019atterrissage d\u2019un h\u00e9licopt\u00e8re \u00e9tranger le 02 d\u00e9cembre 2021 au stade de football du quartier \u00ab nous et nous \u00bb. Des sources s\u00e9curitaires confirment cet atterrissage en expliquant que \u00ab c\u2019est par erreur qu\u2019un h\u00e9licopt\u00e8re \u00e9tranger a atterri dans cette localit\u00e9 de l\u2019arrondissement de Kett\u00e9 le 02 d\u00e9cembre 2021 \u00bb.<\/p>\n\n\n\n<p><strong>Cons\u00e9quences<\/strong><\/p>\n\n\n\n<p>C\u2019est donc avec la peur au ventre que les populations de Gbiti et ses environs vivent chaque jour \u00e0 cause des incursions sporadiques des bandes arm\u00e9s \u00e9trangers. \u00ab Il y a les coupeurs de route qui braquent r\u00e9guli\u00e8rement. Il y a eu braquage chez Aladji Gara au quartier Bonaberi il y a 2 semaines\u00bb, confirme Sali Bouba, fils du Bouba Hamadou, chef de la communaut\u00e9 musulmane rencontr\u00e9 par le reporter d\u2019Ecomatin \u00e0 Gbiti au quartier Sololo. <\/p>\n\n\n\n<p><strong>Lire aussi<\/strong> : <strong><a href=\"https:\/\/ecomatin.net\/aide-humanitaire-loit-et-la-koica-mettent-5-milliards-de-f-au-profit-de-lautonomisation-des-refugies-a-lest-et-ladamaoua\/\">Aide humanitaire : l\u2019OIT et la Koica mettent 5 milliards de F au profit de l\u2019autonomisation des r\u00e9fugi\u00e9s \u00e0 l\u2019Est et l\u2019Adamaoua<\/a><\/strong><\/p>\n\n\n\n<p>De son c\u00f4t\u00e9, R\u00e9my Bangui, chef de \u00ab la communaut\u00e9 Gbaya, \u00e2g\u00e9 de 67 ans, ajoute que \u00ab le manque d\u2019eau potable alors que la population a augment\u00e9 \u00e0 cause des refugi\u00e9s, l\u2019enclavement et la chute du march\u00e9 du b\u00e9tail sont des probl\u00e8mes auxquels nous sommes confront\u00e9s ici \u00bb. Dans la m\u00eame lanc\u00e9e, Leny Adaga Vincent, conseiller municipal de la localit\u00e9, regrette que \u00ab depuis quelque temps, la commune de Kett\u00e9 ne r\u00e9colte rien \u00e0 Gbiti parce que toutes les activit\u00e9s \u00e9conomiques, notamment le march\u00e9 de b\u00e9tail, sont mortes alors que Gbiti est le poumon \u00e9conomique de la commune\u00bb. Le conseiller explique que m\u00eame si la fronti\u00e8re n\u2019est pas officiellement ferm\u00e9e, les cultivateurs, les orpailleurs, les p\u00eacheurs et les chasseurs qui m\u00e8nent les activit\u00e9s loin de la ville ont peur des armes de guerre qui circulent \u00e0 grande \u00e9chelle le long de la fronti\u00e8re. \u00ab Gbiti est bloqu\u00e9 et emprisonn\u00e9 par l\u2019ins\u00e9curit\u00e9 \u00bb, conclu-t-il.<\/p>\n\n\n\n<p><strong>Lire aussi<\/strong> : <strong><a href=\"https:\/\/ecomatin.net\/le-budget-2022-de-la-region-de-lest-augmente-13-milliards-de-fcfa\/\">Le budget 2022 de la r\u00e9gion de l\u2019Est augmente de 1,3 milliard de Fcfa<\/a><\/strong><\/p>\n\t\t\t\t\t<\/div>\n\t\t\t\t\t\t<\/div>\n\t\t\t\t<\/div>\n\t\t\t\t\t\t<\/div>\n\t\t\t\t\t<\/div>\n\t\t<\/div>\n\t\t\t\t\t\t\t\t<\/div>\n\t\t\t\t\t<\/div>\n\t\t<\/section>\n\t\t\t\t<section data-particle_enable=\"false\" data-particle-mobile-disabled=\"false\" class=\"elementor-section elementor-top-section elementor-element elementor-element-db21a99 elementor-section-boxed elementor-section-height-default elementor-section-height-default\" data-id=\"db21a99\" data-element_type=\"section\" data-settings='{\"background_background\":\"classic\",\"ekit_has_onepagescroll_dot\":\"yes\"}'>\n\t\t\t\t\t\t<div class=\"elementor-container elementor-column-gap-default\">\n\t\t\t\t\t\t\t<div class=\"elementor-row\">\n\t\t\t\t\t<div class=\"elementor-column elementor-col-100 elementor-top-column elementor-element elementor-element-d0f86a8\" data-id=\"d0f86a8\" data-element_type=\"column\">\n\t\t\t<div class=\"elementor-column-wrap elementor-element-populated\">\n\t\t\t\t\t\t\t<div class=\"elementor-widget-wrap\">\n\t\t\t\t\t\t<div class=\"elementor-element elementor-element-39408d7 elementor-widget elementor-widget-heading\" data-id=\"39408d7\" data-element_type=\"widget\" data-settings='{\"ekit_we_effect_on\":\"none\"}' data-widget_type=\"heading.default\">\n\t\t\t\t<div class=\"elementor-widget-container\">\n\t\t\t<h3 class=\"elementor-heading-title elementor-size-default\">\u00ab Le march\u00e9 est compl\u00e8tement \u00e0 terre \u00bb<\/h3>\t\t<\/div>\n\t\t\t\t<\/div>\n\t\t\t\t<div class=\"elementor-element elementor-element-939eeb5 elementor-widget elementor-widget-image\" data-id=\"939eeb5\" data-element_type=\"widget\" data-settings='{\"ekit_we_effect_on\":\"none\"}' data-widget_type=\"image.default\">\n\t\t\t\t<div class=\"elementor-widget-container\">\n\t\t\t\t\t\t\t\t<div class=\"elementor-image\">\n\t\t\t\t\t\t\t\t\t<figure class=\"wp-caption\">\n\t\t\t\t\t\t\t\t\t\t<img loading=\"lazy\" decoding=\"async\" width=\"780\" height=\"470\" src=\"https:\/\/linitiative.ca\/International\/wp-content\/uploads\/sites\/23\/2022\/01\/Youssoufa-Oumarou-780x470-1.jpeg\" class=\"attachment-jannah-image-post size-jannah-image-post\" alt=\"\">\t\t\t\t\t\t\t\t\t\t\t<figcaption class=\"widget-image-caption wp-caption-text\">Youssoufa Oumarou Adjoint au maire de la commune de Kett\u00e9 et originaire de la localit\u00e9<\/figcaption>\n\t\t\t\t\t\t\t\t\t\t<\/figure>\n\t\t\t\t\t\t\t\t<\/div>\n\t\t\t\t\t\t<\/div>\n\t\t\t\t<\/div>\n\t\t\t\t<section data-particle_enable=\"false\" data-particle-mobile-disabled=\"false\" class=\"elementor-section elementor-inner-section elementor-element elementor-element-32ae260 elementor-section-boxed elementor-section-height-default elementor-section-height-default\" data-id=\"32ae260\" data-element_type=\"section\" data-settings='{\"ekit_has_onepagescroll_dot\":\"yes\"}'>\n\t\t\t\t\t\t<div class=\"elementor-container elementor-column-gap-default\">\n\t\t\t\t\t\t\t<div class=\"elementor-row\">\n\t\t\t\t\t<div class=\"elementor-column elementor-col-50 elementor-inner-column elementor-element elementor-element-bd6fd28\" data-id=\"bd6fd28\" data-element_type=\"column\">\n\t\t\t<div class=\"elementor-column-wrap elementor-element-populated\">\n\t\t\t\t\t\t\t<div class=\"elementor-widget-wrap\">\n\t\t\t\t\t\t<div class=\"elementor-element elementor-element-31c4386 elementor-widget elementor-widget-text-editor\" data-id=\"31c4386\" data-element_type=\"widget\" data-settings='{\"ekit_we_effect_on\":\"none\"}' data-widget_type=\"text-editor.default\">\n\t\t\t\t<div class=\"elementor-widget-container\">\n\t\t\t\t\t\t\t\t<div class=\"elementor-text-editor elementor-clearfix\">\n\t\t\t\t<p><span lang=\"FR-CM\">Dans les ann\u00e9es 80,le march\u00e9 de b\u00e9tail de Gbiti se d\u00e9roulait d\u2019abord en RCA. En 1988-1989, le nomm\u00e9 Aladji Bakari Bouba, grand \u00e9leveur, originaire du village Boubara, situ\u00e9 \u00e0 pr\u00e8s de 20 kilom\u00e8tres de Gbiti, a fait des efforts pour ramener le march\u00e9 au niveau de Gbiti en terre camerounaise. Depuis ce temps, le march\u00e9 prosp\u00e9rait bien jusqu\u2019aux ann\u00e9es 2000. En 2006, apr\u00e8s l\u2019arriv\u00e9e de Boziz\u00e9 au pouvoir en RCA, le march\u00e9 a commenc\u00e9 sa chute avec l\u2019instabilit\u00e9 s\u00e9curitaire entretenue par des rebelles qu\u2019il a cr\u00e9\u00e9s dans ce pays voisin. Les \u00e9leveurs n\u2019avaient plus les espaces s\u00e9curis\u00e9s pour le p\u00e2turage. Ils \u00e9taient r\u00e9duits au nomadisme commercial qui ne leur garantissait aucune stabilit\u00e9 financi\u00e8re. Aussi, les b\u0153ufs qui venaient du Soudan en passant par la Centrafrique ne pouvaient plus arriver au march\u00e9 \u00e0 cause de l\u2019instabilit\u00e9 et des agressions. Entre 2013 et 2014, nous avons encore eu la prise de pouvoir en RCA par la S\u00e9l\u00e9ka.<\/span><\/p>\t\t\t\t\t<\/div>\n\t\t\t\t\t\t<\/div>\n\t\t\t\t<\/div>\n\t\t\t\t\t\t<\/div>\n\t\t\t\t\t<\/div>\n\t\t<\/div>\n\t\t\t\t<div class=\"elementor-column elementor-col-50 elementor-inner-column elementor-element elementor-element-577b4f1\" data-id=\"577b4f1\" data-element_type=\"column\">\n\t\t\t<div class=\"elementor-column-wrap elementor-element-populated\">\n\t\t\t\t\t\t\t<div class=\"elementor-widget-wrap\">\n\t\t\t\t\t\t<div class=\"elementor-element elementor-element-0517848 elementor-widget elementor-widget-text-editor\" data-id=\"0517848\" data-element_type=\"widget\" data-settings='{\"ekit_we_effect_on\":\"none\"}' data-widget_type=\"text-editor.default\">\n\t\t\t\t<div class=\"elementor-widget-container\">\n\t\t\t\t\t\t\t\t<div class=\"elementor-text-editor elementor-clearfix\">\n\t\t\t\t<p><span lang=\"FR-CM\">C\u2019est \u00e0 ce moment que le march\u00e9 est compl\u00e8tement tomb\u00e9. N\u00e9anmoins, il y a des commer\u00e7ants camerounais qui partent du c\u00f4t\u00e9 du Nord pr\u00e9cis\u00e9ment \u00e0 Touboro et Mbaimbom pour chercher les animaux et venir revendre ici. Mais ces commer\u00e7ants se plaignent aussi des tracasseries routi\u00e8res. Avec tout ceci, le march\u00e9 a connu une chute totale. Il est devenu l\u2019ombre de lui-m\u00eame. Pourtant, la commune de Kett\u00e9 compte beaucoup sur ce march\u00e9 pour les recettes. Nous menons actuellement une r\u00e9flexion sur des strat\u00e9gies de son red\u00e9collage d\u00e9finitif. En outre, il y a aussi l\u2019enclavement de Gbiti. Il y a un march\u00e9 de r\u00e9habilitation de la route qui relie Boubara et Gbiti, malheureusement l\u2019entrepreneur n\u2019est pas stable sur le chantier, c\u2019est pourquoi les travaux sur le dernier pont avant Gbiti sont tels que vous avez vu\u00bb.<\/span><\/p>\t\t\t\t\t<\/div>\n\t\t\t\t\t\t<\/div>\n\t\t\t\t<\/div>\n\t\t\t\t\t\t<\/div>\n\t\t\t\t\t<\/div>\n\t\t<\/div>\n\t\t\t\t\t\t\t\t<\/div>\n\t\t\t\t\t<\/div>\n\t\t<\/section>\n\t\t\t\t\t\t<\/div>\n\t\t\t\t\t<\/div>\n\t\t<\/div>\n\t\t\t\t\t\t\t\t<\/div>\n\t\t\t\t\t<\/div>\n\t\t<\/section>\n\t\t\t\t\t\t<\/div>\n\t\t\t\t\t\t<\/div>\n\t\t\t\t\t<\/div>\n\t\t<p>L\u2019article <a rel=\"nofollow\" href=\"https:\/\/ecomatin.net\/region-de-lest-le-marche-a-betail-de-gbiti-se-meurt\/\">R\u00e9gion de l\u2019Est : le march\u00e9 \u00e0 b\u00e9tail de Gbiti se meurt<\/a> est apparu en premier sur <a rel=\"nofollow\" href=\"https:\/\/ecomatin.net\/\">EcoMatin<\/a>.<\/p><\/div>\r\nAuteur: EcoMatin\r\n<a href=\"https:\/\/ecomatin.net\/region-de-lest-le-marche-a-betail-de-gbiti-se-meurt\/\">Cliquez ici pour lire l&rsquo;article depuis sa source.<\/a><br \/>","protected":false},"excerpt":{"rendered":"<p>Depuis quelques ann\u00e9es , l\u2019ambiance est morose chaque mardi au quartier Tik\u00e9 qui abrite le march\u00e9 p\u00e9riodique de b\u00e9tail de Gbiti. L\u2019affluence des ann\u00e9es ant\u00e9rieures dans cette localit\u00e9 frontali\u00e8re entre le Cameroun et la R\u00e9publique centrafricaine (RCA) dans l\u2019arrondissement de Kett\u00e9, d\u00e9partement de la Kadey \u00e0 l\u2019Est a disparu. Le march\u00e9, cr\u00e9\u00e9 il y a [&hellip;]<\/p>\n","protected":false},"author":1969,"featured_media":0,"comment_status":"closed","ping_status":"closed","sticky":false,"template":"","format":"standard","meta":{"fifu_image_url":"https:\/\/ecomatin.net\/wp-content\/uploads\/2022\/01\/Youssoufa-Oumarou--780x470.jpeg","fifu_image_alt":"R\u00e9gion de l\u2019Est : le march\u00e9 \u00e0 b\u00e9tail de Gbiti se meurt","footnotes":""},"categories":[82,78],"tags":[],"class_list":["post-139764","post","type-post","status-publish","format-standard","hentry","category-cameroun","category-economie"],"_links":{"self":[{"href":"https:\/\/linitiative.ca\/International\/wp-json\/wp\/v2\/posts\/139764","targetHints":{"allow":["GET"]}}],"collection":[{"href":"https:\/\/linitiative.ca\/International\/wp-json\/wp\/v2\/posts"}],"about":[{"href":"https:\/\/linitiative.ca\/International\/wp-json\/wp\/v2\/types\/post"}],"author":[{"embeddable":true,"href":"https:\/\/linitiative.ca\/International\/wp-json\/wp\/v2\/users\/1969"}],"replies":[{"embeddable":true,"href":"https:\/\/linitiative.ca\/International\/wp-json\/wp\/v2\/comments?post=139764"}],"version-history":[{"count":0,"href":"https:\/\/linitiative.ca\/International\/wp-json\/wp\/v2\/posts\/139764\/revisions"}],"wp:attachment":[{"href":"https:\/\/linitiative.ca\/International\/wp-json\/wp\/v2\/media?parent=139764"}],"wp:term":[{"taxonomy":"category","embeddable":true,"href":"https:\/\/linitiative.ca\/International\/wp-json\/wp\/v2\/categories?post=139764"},{"taxonomy":"post_tag","embeddable":true,"href":"https:\/\/linitiative.ca\/International\/wp-json\/wp\/v2\/tags?post=139764"}],"curies":[{"name":"wp","href":"https:\/\/api.w.org\/{rel}","templated":true}]}}