{"id":139766,"date":"2022-01-29T09:43:40","date_gmt":"2022-01-29T14:43:40","guid":{"rendered":"https:\/\/linitiative.ca\/International\/la-sopecam-a-enregistre-une-baisse-de-21-de-ses-activites-en-2020-a-cause-de-la-faible-commercialisation-de-ses-publications\/"},"modified":"2022-01-29T09:43:40","modified_gmt":"2022-01-29T14:43:40","slug":"la-sopecam-a-enregistre-une-baisse-de-21-de-ses-activites-en-2020-a-cause-de-la-faible-commercialisation-de-ses-publications","status":"publish","type":"post","link":"https:\/\/linitiative.ca\/International\/la-sopecam-a-enregistre-une-baisse-de-21-de-ses-activites-en-2020-a-cause-de-la-faible-commercialisation-de-ses-publications\/","title":{"rendered":"La Sopecam a enregistr\u00e9 une baisse de 21% de ses activit\u00e9s en 2020 \u00e0 cause de la faible commercialisation de ses publications"},"content":{"rendered":"<div>\n<p>La Soci\u00e9t\u00e9 de Presse et d\u2019Editions du Cameroun (Sopecam), \u00e0 l\u2019image de la plupart des entreprises et \u00e9tablissements publics, a travers\u00e9 une ann\u00e9e 2020 difficile, caract\u00e9ris\u00e9e par la pr\u00e9valence de la pand\u00e9mie de Coronavirus, qui a s\u00e9rieusement impact\u00e9 ses performances. Cet \u00e9tablissement public dont l\u2019actionnariat est d\u00e9tenu \u00e0 100% par l\u2019Etat, a enregistr\u00e9 au cours de cet exercice, une baisse de 21% de l\u2019ensemble de ses activit\u00e9s, rel\u00e8ve le rapport de la Commission Technique de R\u00e9habilitation (CTR) des entreprises, sur la situation des Entreprises Publiques et des Etablissements Publics au 31 d\u00e9cembre 2020.<\/p>\n<p><strong>Lire aussi : <a href=\"https:\/\/ecomatin.net\/le-budget-de-la-sopecam-baisse-de-1582-en-2021\/\">Le budget de la Sopecam baisse de 15,82% en 2021<\/a><\/strong><\/p>\n<p>Concr\u00e8tement, cette baisse est observ\u00e9e sur les ventes de certaines des publications de cette entreprise, faiblement commercialis\u00e9es au cours de l\u2019ann\u00e9e 2020. Il s\u2019agit de Cameroon Tribune, le support phare de la Sopecam, dont les ventes ont chut\u00e9 de -20,33% en glissement annuel par rapport \u00e0 2019\u00a0; du magazine Nyanga (-79,74%)\u00a0; de Cameroon Business Today (-70,98%)\u00a0; autres journaux (-5,92%), des livres et \u00e9ditions (-37,71%). Il en est de m\u00eame des travaux d\u2019impression, qui ont chut\u00e9 de -26,43%, et des recettes li\u00e9es \u00e0 la publicit\u00e9 \u2013 8,91%.<\/p>\n<p><strong>Lire aussi : <a href=\"https:\/\/ecomatin.net\/made-in-cameroun-les-laureats-de-la-premiere-edition-du-cbt-champions-sont-devoiles\/\">Made in Cameroun : les laur\u00e9ats de la premi\u00e8re \u00e9dition du \u00ab CBT Champions \u00bb sont d\u00e9voil\u00e9s<\/a><\/strong><\/p>\n<p>Et pourtant, pour ce qui du segment de l\u2019impression, 2020 a \u00e9t\u00e9 une ann\u00e9e pleine d\u2019opportunit\u00e9s pour Sopecam, avec \u00e0 la cl\u00e9 les \u00e9lections l\u00e9gislatives, municipales et r\u00e9gionales. Elle s\u2019est donc vu confier les plus grosses parts de march\u00e9 pour l\u2019impression des bulletins de vote et autres documents li\u00e9s \u00e0 l\u2019organisation de ces \u00e9lections. Le rapport de la CTR renseigne par ailleurs qu\u2019\u00e0 l\u2019occasion de ces rendez-vous importants pour la vie politique de la nation, cet \u00e9tablissement public a b\u00e9n\u00e9fici\u00e9 d\u2019une subvention de la part de l\u2019Etat d\u2019un montant de 1,182 milliards de FCFA.<\/p>\n<p><strong>Lire aussi : <a href=\"https:\/\/ecomatin.net\/comptabilite-auditeurs-menacent-de-ne-pas-certifier-les-etats-financiers-de-8-entreprises-publiques\/\">Comptabilit\u00e9 : auditeurs menacent de ne pas certifier les \u00e9tats financiers de 8 entreprises publiques<\/a><\/strong><\/p>\n<p>Cependant, \u00ab\u00a0en l\u2019absence des donn\u00e9es de la comptabilit\u00e9 analytique, l\u2019impact de cette subvention sur l\u2019activit\u00e9 ne peux \u00eatre appr\u00e9ci\u00e9. En effet, Il ne ressort pas au regard du chiffre d\u2019affaires, la distinction entre la part des travaux d\u2019impression effectu\u00e9s pour les prestations ordinaires et celles li\u00e9es aux \u00e9lections\u00a0\u00bb, souligne le rapport. L\u2019entreprise a r\u00e9alis\u00e9 un chiffre d\u2019affaires de 5,746 milliards de FCFA, en baisse de 21% par rapport \u00e0 2019.<\/p>\n<p>L\u2019article <a rel=\"nofollow\" href=\"https:\/\/ecomatin.net\/la-sopecam-a-enregistre-une-baisse-de-21-de-ses-activites-en-2020-a-cause-de-la-faible-commercialisation-de-ses-publications\/\">La Sopecam a enregistr\u00e9 une baisse de 21% de ses activit\u00e9s en 2020 \u00e0 cause de la faible commercialisation de ses publications<\/a> est apparu en premier sur <a rel=\"nofollow\" href=\"https:\/\/ecomatin.net\/\">EcoMatin<\/a>.<\/p>\n<\/div>\n<p>Auteur: Yannick KENNE<br \/>\n<a href=\"https:\/\/ecomatin.net\/la-sopecam-a-enregistre-une-baisse-de-21-de-ses-activites-en-2020-a-cause-de-la-faible-commercialisation-de-ses-publications\/\">Cliquez ici pour lire l&rsquo;article depuis sa source.<\/a><\/p>\n","protected":false},"excerpt":{"rendered":"<p>La Soci\u00e9t\u00e9 de Presse et d\u2019Editions du Cameroun (Sopecam), \u00e0 l\u2019image de la plupart des entreprises et \u00e9tablissements publics, a travers\u00e9 une ann\u00e9e 2020 difficile, caract\u00e9ris\u00e9e par la pr\u00e9valence de la pand\u00e9mie de Coronavirus, qui a s\u00e9rieusement impact\u00e9 ses performances. Cet \u00e9tablissement public dont l\u2019actionnariat est d\u00e9tenu \u00e0 100% par l\u2019Etat, a enregistr\u00e9 au cours [&hellip;]<\/p>\n","protected":false},"author":1969,"featured_media":0,"comment_status":"closed","ping_status":"closed","sticky":false,"template":"","format":"standard","meta":{"fifu_image_url":"","fifu_image_alt":"","footnotes":""},"categories":[82,78],"tags":[],"class_list":["post-139766","post","type-post","status-publish","format-standard","hentry","category-cameroun","category-economie"],"_links":{"self":[{"href":"https:\/\/linitiative.ca\/International\/wp-json\/wp\/v2\/posts\/139766","targetHints":{"allow":["GET"]}}],"collection":[{"href":"https:\/\/linitiative.ca\/International\/wp-json\/wp\/v2\/posts"}],"about":[{"href":"https:\/\/linitiative.ca\/International\/wp-json\/wp\/v2\/types\/post"}],"author":[{"embeddable":true,"href":"https:\/\/linitiative.ca\/International\/wp-json\/wp\/v2\/users\/1969"}],"replies":[{"embeddable":true,"href":"https:\/\/linitiative.ca\/International\/wp-json\/wp\/v2\/comments?post=139766"}],"version-history":[{"count":0,"href":"https:\/\/linitiative.ca\/International\/wp-json\/wp\/v2\/posts\/139766\/revisions"}],"wp:attachment":[{"href":"https:\/\/linitiative.ca\/International\/wp-json\/wp\/v2\/media?parent=139766"}],"wp:term":[{"taxonomy":"category","embeddable":true,"href":"https:\/\/linitiative.ca\/International\/wp-json\/wp\/v2\/categories?post=139766"},{"taxonomy":"post_tag","embeddable":true,"href":"https:\/\/linitiative.ca\/International\/wp-json\/wp\/v2\/tags?post=139766"}],"curies":[{"name":"wp","href":"https:\/\/api.w.org\/{rel}","templated":true}]}}