{"id":139769,"date":"2022-01-29T13:43:53","date_gmt":"2022-01-29T18:43:53","guid":{"rendered":"https:\/\/linitiative.ca\/International\/driss-lachgar-reelu-premier-secretaire-de-lusfp-pour-un-3eme-mandat\/"},"modified":"2022-01-29T13:43:53","modified_gmt":"2022-01-29T18:43:53","slug":"driss-lachgar-reelu-premier-secretaire-de-lusfp-pour-un-3eme-mandat","status":"publish","type":"post","link":"https:\/\/linitiative.ca\/International\/driss-lachgar-reelu-premier-secretaire-de-lusfp-pour-un-3eme-mandat\/","title":{"rendered":"Driss Lachgar, r\u00e9\u00e9lu premier secr\u00e9taire de l\u2019USFP pour un 3\u00e8me mandat"},"content":{"rendered":"<div>\n<p><img loading=\"lazy\" decoding=\"async\" width=\"300\" height=\"153\" src=\"https:\/\/linitiative.ca\/International\/wp-content\/uploads\/sites\/23\/2022\/01\/Driss-Lachgar-USFP-300x153-1.jpg\" class=\"attachment-medium size-medium wp-post-image\" alt=\"\" srcset=\"https:\/\/linitiative.ca\/International\/wp-content\/uploads\/sites\/23\/2022\/01\/Driss-Lachgar-USFP-300x153-1.jpg 300w, https:\/\/aujourdhui.ma\/wp-content\/uploads\/2020\/11\/Driss-Lachgar-USFP-274x140.jpg 274w, https:\/\/aujourdhui.ma\/wp-content\/uploads\/2020\/11\/Driss-Lachgar-USFP.jpg 746w, https:\/\/aujourdhui.ma\/wp-content\/uploads\/2020\/11\/Driss-Lachgar-USFP-165x84.jpg 165w, https:\/\/aujourdhui.ma\/wp-content\/uploads\/2020\/11\/Driss-Lachgar-USFP-702x358.jpg 702w\" sizes=\"auto, (max-width: 300px) 100vw, 300px\"><\/p>\n<p><strong>Driss Lachgar a \u00e9t\u00e9 r\u00e9\u00e9lu, samedi, premier secr\u00e9taire de l\u2019Union socialiste des forces populaires (USFP) pour un troisi\u00e8me mandat, \u00e0 l\u2019issue des travaux du 11e congr\u00e8s national du parti qui s\u2019est tenu au Complexe Moulay Rachid de la jeunesse et de l\u2019enfance \u00e0 Bouznika.<\/strong><span id=\"more-398604\"><\/span><\/p>\n<p>\u00a0<\/p>\n<p>Lachgar a \u00e9t\u00e9 reconduit \u00e0 la t\u00eate de l\u2019USFP \u00e0 la majorit\u00e9 absolue apr\u00e8s avoir obtenu 1158 voix contre 77 en faveur de Tarik Sellam, sur 1235 voix exprim\u00e9es (1344 congressistes).<\/p>\n<p>\u00a0<\/p>\n<p>Les travaux du 11e congr\u00e8s national de l\u2019USFP ont \u00e9t\u00e9 ouverts, vendredi matin, sous le signe \u00ab\u00a0Fid\u00e9lit\u00e9, engagement et ouverture\u00a0\u00bb.<\/p>\n<\/div>\n<p>Auteur: ALM<br \/>\n<a href=\"https:\/\/aujourdhui.ma\/actualite\/driss-lachgar-reelu-premier-secretaire-de-lusfp-pour-un-3eme-mandat\">Cliquez ici pour lire l&rsquo;article depuis sa source.<\/a><\/p>\n","protected":false},"excerpt":{"rendered":"<p>Driss Lachgar a \u00e9t\u00e9 r\u00e9\u00e9lu, samedi, premier secr\u00e9taire de l\u2019Union socialiste des forces populaires (USFP) pour un troisi\u00e8me mandat, \u00e0 l\u2019issue des travaux du 11e congr\u00e8s national du parti qui s\u2019est tenu au Complexe Moulay Rachid de la jeunesse et de l\u2019enfance \u00e0 Bouznika. \u00a0 Lachgar a \u00e9t\u00e9 reconduit \u00e0 la t\u00eate de l\u2019USFP \u00e0 [&hellip;]<\/p>\n","protected":false},"author":1759,"featured_media":0,"comment_status":"closed","ping_status":"closed","sticky":false,"template":"","format":"standard","meta":{"fifu_image_url":"https:\/\/aujourdhui.ma\/wp-content\/uploads\/2020\/11\/Driss-Lachgar-USFP-300x153.jpg","fifu_image_alt":"Driss Lachgar, r\u00e9\u00e9lu premier secr\u00e9taire de l\u2019USFP pour un 3\u00e8me mandat","footnotes":""},"categories":[73,54],"tags":[],"class_list":["post-139769","post","type-post","status-publish","format-standard","hentry","category-actualite","category-maroc"],"_links":{"self":[{"href":"https:\/\/linitiative.ca\/International\/wp-json\/wp\/v2\/posts\/139769","targetHints":{"allow":["GET"]}}],"collection":[{"href":"https:\/\/linitiative.ca\/International\/wp-json\/wp\/v2\/posts"}],"about":[{"href":"https:\/\/linitiative.ca\/International\/wp-json\/wp\/v2\/types\/post"}],"author":[{"embeddable":true,"href":"https:\/\/linitiative.ca\/International\/wp-json\/wp\/v2\/users\/1759"}],"replies":[{"embeddable":true,"href":"https:\/\/linitiative.ca\/International\/wp-json\/wp\/v2\/comments?post=139769"}],"version-history":[{"count":0,"href":"https:\/\/linitiative.ca\/International\/wp-json\/wp\/v2\/posts\/139769\/revisions"}],"wp:attachment":[{"href":"https:\/\/linitiative.ca\/International\/wp-json\/wp\/v2\/media?parent=139769"}],"wp:term":[{"taxonomy":"category","embeddable":true,"href":"https:\/\/linitiative.ca\/International\/wp-json\/wp\/v2\/categories?post=139769"},{"taxonomy":"post_tag","embeddable":true,"href":"https:\/\/linitiative.ca\/International\/wp-json\/wp\/v2\/tags?post=139769"}],"curies":[{"name":"wp","href":"https:\/\/api.w.org\/{rel}","templated":true}]}}