{"id":13978,"date":"2019-02-13T18:50:29","date_gmt":"2019-02-13T23:50:29","guid":{"rendered":"https:\/\/linitiative.ca\/International\/recouvrement-des-impots-le-recensement-des-contribuables-lance\/"},"modified":"2019-02-13T18:50:29","modified_gmt":"2019-02-13T23:50:29","slug":"recouvrement-des-impots-le-recensement-des-contribuables-lance","status":"publish","type":"post","link":"https:\/\/linitiative.ca\/International\/recouvrement-des-impots-le-recensement-des-contribuables-lance\/","title":{"rendered":"Recouvrement des imp\u00f4ts: Le recensement des contribuables lanc\u00e9"},"content":{"rendered":"<div class=\"td-post-featured-image\" readability=\"34\"><a href=\"https:\/\/i2.wp.com\/www.sidwaya.info\/wp-content\/uploads\/2019\/02\/eco2.jpg?fit=787%2C672&#038;ssl=1\" data-caption=\"Le secr\u00e9taire g\u00e9n\u00e9ral du minist\u00e8re en charge de l\u2019\u00e9conomie, Dr Seglaro Abel Som\u00e9\u00a0: \u00ab\u00a0Ce recensement fiscal envisag\u00e9 se veut \u00eatre une activit\u00e9 importante\u00a0\u00bb.\"><img loading=\"lazy\" decoding=\"async\" width=\"696\" height=\"594\" class=\"entry-thumb td-modal-image\" src=\"https:\/\/i2.wp.com\/www.sidwaya.info\/wp-content\/uploads\/2019\/02\/eco2.jpg?resize=696%2C594&#038;ssl=1\" srcset=\"https:\/\/i2.wp.com\/www.sidwaya.info\/wp-content\/uploads\/2019\/02\/eco2.jpg?w=787&#038;ssl=1 787w, https:\/\/i2.wp.com\/www.sidwaya.info\/wp-content\/uploads\/2019\/02\/eco2.jpg?resize=300%2C256&#038;ssl=1 300w, https:\/\/i2.wp.com\/www.sidwaya.info\/wp-content\/uploads\/2019\/02\/eco2.jpg?resize=768%2C656&#038;ssl=1 768w, https:\/\/i2.wp.com\/www.sidwaya.info\/wp-content\/uploads\/2019\/02\/eco2.jpg?resize=696%2C594&#038;ssl=1 696w, https:\/\/i2.wp.com\/www.sidwaya.info\/wp-content\/uploads\/2019\/02\/eco2.jpg?resize=492%2C420&#038;ssl=1 492w\" sizes=\"auto, (max-width: 696px) 100vw, 696px\" alt=\"\" title=\"eco2\"\/><\/a>Le secr\u00e9taire g\u00e9n\u00e9ral du minist\u00e8re en charge de l\u2019\u00e9conomie, Dr Seglaro Abel Som\u00e9\u00a0: \u00ab\u00a0Ce recensement fiscal envisag\u00e9 se veut \u00eatre une activit\u00e9 importante\u00a0\u00bb.<\/div>\n<p><strong>La direction g\u00e9n\u00e9rale des imp\u00f4ts a lanc\u00e9, le mercredi 13 f\u00e9vrier 2019, \u00e0 Ouagadougou, le recensement fiscal exhaustif des contribuables des r\u00e9gions du Centre et des Hauts-bassins. L\u2019op\u00e9ration qui va durer deux mois, permettra \u00e0 la direction de mieux g\u00e9rer la population fiscale des deux r\u00e9gions.<\/strong><\/p>\n<p>Dans deux mois, la Direction g\u00e9n\u00e9rale des imp\u00f4ts (DGI) devrait avoir une base de donn\u00e9es fiscale des contribuables dans les r\u00e9gions du Centre et des Hauts-Bassins. En effet, le recensement fiscal a d\u00e9but\u00e9 le mercredi 13 f\u00e9vrier 2019 \u00e0 Ouagadougou et va s\u2019\u00e9tendre jusqu\u2019au 13 avril 2019.<\/p>\n<p>Il s\u2019agira d\u2019identifier les contribuables, les localiser ainsi que leur lieu d\u2019activit\u00e9s, avoir une id\u00e9e sur le volume de leurs chiffres d\u2019affaires. \u00ab\u00a0Sur le terrain, nous aurons des agents recenseurs munis de terminaux mobiles sur lesquels il y a une application qui d\u00e9roule tout le formulaire pour avoir les informations sur le contribuable en tant qu\u2019individu, son lieu d\u2019exercice, le plan cadastral et m\u00eame la photo de son lieu d\u2019activit\u00e9s\u00a0\u00bb, a expliqu\u00e9 le Pr\u00e9sident- directeur g\u00e9n\u00e9ral (PDG) de International business group-Burkina (IBG), Harouna Sawadogo qui assure la prestation.<\/p>\n<p>A partir du moment o\u00f9 l\u2019agent recenseur valide, a-t-il ajout\u00e9, les informations vont directement sur le serveur de la DGI qui les aura en temps r\u00e9el. Selon le directeur g\u00e9n\u00e9ral des imp\u00f4ts, Adama Badolo, ce recensement va permettre \u00e0 son institution de maintenir le fichier des contribuables, une liste exhaustive de tous ceux qui exercent des activit\u00e9s commerciales ou lucratives. \u00ab\u00a0C\u2019est un exercice important puisqu\u2019il va \u00e9largir l\u2019assiette de l\u2019imp\u00f4t dans la mesure o\u00f9 le secteur informel occupe une place tr\u00e8s importante dans notre \u00e9conomie avec pr\u00e8s de 70% des contribuables.<\/p>\n<p><img loading=\"lazy\" decoding=\"async\" class=\"size-medium wp-image-4283\" src=\"https:\/\/i0.wp.com\/www.sidwaya.info\/wp-content\/uploads\/2019\/02\/eco3.jpg?resize=300%2C227&#038;ssl=1\" alt=\"\" width=\"300\" height=\"227\" srcset=\"https:\/\/i0.wp.com\/www.sidwaya.info\/wp-content\/uploads\/2019\/02\/eco3.jpg?resize=300%2C227&#038;ssl=1 300w, https:\/\/i0.wp.com\/www.sidwaya.info\/wp-content\/uploads\/2019\/02\/eco3.jpg?resize=80%2C60&#038;ssl=1 80w, https:\/\/i0.wp.com\/www.sidwaya.info\/wp-content\/uploads\/2019\/02\/eco3.jpg?resize=554%2C420&#038;ssl=1 554w, https:\/\/i0.wp.com\/www.sidwaya.info\/wp-content\/uploads\/2019\/02\/eco3.jpg?w=682&#038;ssl=1 682w\" sizes=\"auto, (max-width: 300px) 100vw, 300px\" data-recalc-dims=\"1\"\/>Une d\u00e9monstration du processus de recensement par le PDG d\u2019IBG, Harouna Sawadogo.<\/p>\n<p>Cependant, ces derniers ne sont pas tous connus de l\u2019administration fiscale\u00a0\u00bb, a soutenu Adama Badolo. Le secr\u00e9taire g\u00e9n\u00e9ral du minist\u00e8re de l\u2019Economie, des Finances et du D\u00e9veloppement, Dr S\u00e9glaro Abel Som\u00e9, a pr\u00e9cis\u00e9 que cette op\u00e9ration, au-del\u00e0 des informations traditionnelles, int\u00e8gre les activit\u00e9s d\u2019inventaires fonciers et cadastrales ainsi que des \u00e9l\u00e9ments permettant d\u2019\u00e9valuer ult\u00e9rieurement le volume des activit\u00e9s et de d\u00e9terminer l\u2019assiette utile pour les imposer aux diff\u00e9rentes c\u00e9dules d\u2019imp\u00f4ts.<\/p>\n<p>\u00ab\u00a0A ce titre, une fiabilisation des fichiers passe aussi par un bon recensement qui \u00e0 terme, facilitera la relance des contribuables d\u00e9faillants au regard de leurs obligations d\u00e9claratives\u00a0\u00bb, a rench\u00e9ri Dr Seglaro Abel Som\u00e9. Pour lui, le recensement permettra \u00e0 la DGI de mieux g\u00e9rer la population fiscale des deux r\u00e9gions concern\u00e9es et de relancer les d\u00e9faillants. Une chose, a-t-il dit, qui va apporter un regain dans le recouvrement des imp\u00f4ts et taxes pour l\u2019Etat et les communes de Ouagadougou et Bobo-Dioulasso. Pour sa part, le DG Badolo a invit\u00e9 les agents recenseurs \u00e0 travailler avec d\u00e9termination, dans la discipline, le respect de la d\u00e9ontologie et des citoyens afin \u00e0 relever les d\u00e9fis de l\u2019op\u00e9ration.<\/p>\n<p class=\"c1\"><strong>Joseph HARO<\/strong><\/p>\n<div class=\"td-a-rec td-a-rec-id-content_bottom td_uid_21_5c64e8843e054_rand td_block_template_1\"><img loading=\"lazy\" decoding=\"async\" class=\"alignright size-full wp-image-1724\" src=\"https:\/\/www.sidwaya.info\/wp-content\/uploads\/2018\/12\/sidwaya-pub.jpg\" alt=\"\" width=\"720\" height=\"90\"\/><\/div>\n<p>Auteur: JK. Sidwaya<br \/>\n<a href=\"https:\/\/www.sidwaya.info\/blog\/2019\/02\/13\/recouvrement-des-impots-le-recensement-des-contribuables-lance\/\">Cliquez ici pour lire l&rsquo;article depuis sa source.<\/a><\/p>\n","protected":false},"excerpt":{"rendered":"<p>Le secr\u00e9taire g\u00e9n\u00e9ral du minist\u00e8re en charge de l\u2019\u00e9conomie, Dr Seglaro Abel Som\u00e9\u00a0: \u00ab\u00a0Ce recensement fiscal envisag\u00e9 se veut \u00eatre une activit\u00e9 importante\u00a0\u00bb. La direction g\u00e9n\u00e9rale des imp\u00f4ts a lanc\u00e9, le mercredi 13 f\u00e9vrier 2019, \u00e0 Ouagadougou, le recensement fiscal exhaustif des contribuables des r\u00e9gions du Centre et des Hauts-bassins. L\u2019op\u00e9ration qui va durer deux [&hellip;]<\/p>\n","protected":false},"author":1816,"featured_media":0,"comment_status":"closed","ping_status":"closed","sticky":false,"template":"","format":"standard","meta":{"fifu_image_url":"","fifu_image_alt":"","footnotes":""},"categories":[73,81],"tags":[],"class_list":["post-13978","post","type-post","status-publish","format-standard","hentry","category-actualite","category-burkina-faso"],"_links":{"self":[{"href":"https:\/\/linitiative.ca\/International\/wp-json\/wp\/v2\/posts\/13978","targetHints":{"allow":["GET"]}}],"collection":[{"href":"https:\/\/linitiative.ca\/International\/wp-json\/wp\/v2\/posts"}],"about":[{"href":"https:\/\/linitiative.ca\/International\/wp-json\/wp\/v2\/types\/post"}],"author":[{"embeddable":true,"href":"https:\/\/linitiative.ca\/International\/wp-json\/wp\/v2\/users\/1816"}],"replies":[{"embeddable":true,"href":"https:\/\/linitiative.ca\/International\/wp-json\/wp\/v2\/comments?post=13978"}],"version-history":[{"count":0,"href":"https:\/\/linitiative.ca\/International\/wp-json\/wp\/v2\/posts\/13978\/revisions"}],"wp:attachment":[{"href":"https:\/\/linitiative.ca\/International\/wp-json\/wp\/v2\/media?parent=13978"}],"wp:term":[{"taxonomy":"category","embeddable":true,"href":"https:\/\/linitiative.ca\/International\/wp-json\/wp\/v2\/categories?post=13978"},{"taxonomy":"post_tag","embeddable":true,"href":"https:\/\/linitiative.ca\/International\/wp-json\/wp\/v2\/tags?post=13978"}],"curies":[{"name":"wp","href":"https:\/\/api.w.org\/{rel}","templated":true}]}}