{"id":139780,"date":"2022-01-30T09:12:06","date_gmt":"2022-01-30T14:12:06","guid":{"rendered":"https:\/\/linitiative.ca\/International\/la-bousculade-mortelle-a-olembe-due-a-louverture-imprudente-dune-porte-du-stade\/"},"modified":"2022-01-30T09:12:06","modified_gmt":"2022-01-30T14:12:06","slug":"la-bousculade-mortelle-a-olembe-due-a-louverture-imprudente-dune-porte-du-stade","status":"publish","type":"post","link":"https:\/\/linitiative.ca\/International\/la-bousculade-mortelle-a-olembe-due-a-louverture-imprudente-dune-porte-du-stade\/","title":{"rendered":"La bousculade mortelle \u00e0 Olembe due \u00e0 l\u2019ouverture \u00ab\u00a0imprudente\u00a0\u00bb d\u2019une porte du stade"},"content":{"rendered":"<div>\n<p><strong>La bousculade qui a fait huit morts, lundi dernier \u00e0 Yaound\u00e9 avant un match de la Coupe d\u2019Afrique des Nations est due \u00e0 l\u2019ouverture \u00ab\u00a0imprudente\u00a0\u00bb d\u2019une porte par les forces de s\u00e9curit\u00e9 \u00ab\u00a0face \u00e0 une mar\u00e9e humaine\u00a0\u00bb, a d\u00e9clar\u00e9, vendredi, le ministre camerounais des Sports, Narcisse Mouelle Kombi.<\/strong><\/p>\n<p>L\u2019entr\u00e9e Sud \u00ab\u00a0a \u00e9t\u00e9 momentan\u00e9ment ferm\u00e9e par les forces de l\u2019ordre face au d\u00e9ferlement de spectateurs alors que d\u2019autres portes \u00e9taient op\u00e9rationnelles\u00a0\u00bb au grand stade d\u2019Olembe, a-t-il assur\u00e9 devant la presse.<\/p>\n<p>Mais, \u00ab\u00a0face \u00e0 la pression, et d\u00e9bord\u00e9s par cette mar\u00e9e humaine, les \u00e9l\u00e9ments de s\u00e9curit\u00e9 ont proc\u00e9d\u00e9 de mani\u00e8re imprudente \u00e0 l\u2019ouverture de la grille de l\u2019entr\u00e9e Sud, provoquant une grande bousculade\u00a0\u00bb qui a abouti \u00e0 la mort \u00ab\u00a0tragique\u00a0\u00bb de huit personnes, dont un enfant et deux femmes, a poursuivi le ministre.<\/p>\n<p>Le ministre a \u00e9galement reconnu que le nombre des membres des forces de s\u00e9curit\u00e9 \u00e9tait \u00ab\u00a0insuffisant\u00a0\u00bb. Mais, il a point\u00e9 du doigt \u00e9galement les porteurs de faux billets et de billets usag\u00e9s et les supporters ayant voulu entrer sans billet.<\/p>\n<p>Au lendemain de la trag\u00e9die, qui a \u00e9galement fait 38 bless\u00e9s, le pr\u00e9sident de la Conf\u00e9d\u00e9ration africaine de football (CAN), Patrice Motsepe, avait annonc\u00e9 le d\u00e9placement du quart de finale pr\u00e9vu dimanche du stade d\u2019Olembe au deuxi\u00e8me stade de la capitale, Ahmadou Ahidjo.<\/p>\n<p>L\u2019article <a rel=\"nofollow\" href=\"http:\/\/albayane.press.ma\/la-bousculade-mortelle-a-olembe-due-a-louverture-imprudente-dune-porte-du-stade.html\">La bousculade mortelle \u00e0 Olembe due \u00e0 l\u2019ouverture \u00ab\u00a0imprudente\u00a0\u00bb d\u2019une porte du stade<\/a> est apparu en premier sur <a rel=\"nofollow\" href=\"http:\/\/albayane.press.ma\/\">ALBAYANE<\/a>.<\/p>\n<\/div>\n<p>Auteur: M&rsquo;hammed rahal<br \/>\n<a href=\"http:\/\/albayane.press.ma\/la-bousculade-mortelle-a-olembe-due-a-louverture-imprudente-dune-porte-du-stade.html\">Cliquez ici pour lire l&rsquo;article depuis sa source.<\/a><\/p>\n","protected":false},"excerpt":{"rendered":"<p>La bousculade qui a fait huit morts, lundi dernier \u00e0 Yaound\u00e9 avant un match de la Coupe d\u2019Afrique des Nations est due \u00e0 l\u2019ouverture \u00ab\u00a0imprudente\u00a0\u00bb d\u2019une porte par les forces de s\u00e9curit\u00e9 \u00ab\u00a0face \u00e0 une mar\u00e9e humaine\u00a0\u00bb, a d\u00e9clar\u00e9, vendredi, le ministre camerounais des Sports, Narcisse Mouelle Kombi. L\u2019entr\u00e9e Sud \u00ab\u00a0a \u00e9t\u00e9 momentan\u00e9ment ferm\u00e9e par [&hellip;]<\/p>\n","protected":false},"author":1760,"featured_media":0,"comment_status":"closed","ping_status":"closed","sticky":false,"template":"","format":"standard","meta":{"fifu_image_url":"","fifu_image_alt":"","footnotes":""},"categories":[73,54],"tags":[],"class_list":["post-139780","post","type-post","status-publish","format-standard","hentry","category-actualite","category-maroc"],"_links":{"self":[{"href":"https:\/\/linitiative.ca\/International\/wp-json\/wp\/v2\/posts\/139780","targetHints":{"allow":["GET"]}}],"collection":[{"href":"https:\/\/linitiative.ca\/International\/wp-json\/wp\/v2\/posts"}],"about":[{"href":"https:\/\/linitiative.ca\/International\/wp-json\/wp\/v2\/types\/post"}],"author":[{"embeddable":true,"href":"https:\/\/linitiative.ca\/International\/wp-json\/wp\/v2\/users\/1760"}],"replies":[{"embeddable":true,"href":"https:\/\/linitiative.ca\/International\/wp-json\/wp\/v2\/comments?post=139780"}],"version-history":[{"count":0,"href":"https:\/\/linitiative.ca\/International\/wp-json\/wp\/v2\/posts\/139780\/revisions"}],"wp:attachment":[{"href":"https:\/\/linitiative.ca\/International\/wp-json\/wp\/v2\/media?parent=139780"}],"wp:term":[{"taxonomy":"category","embeddable":true,"href":"https:\/\/linitiative.ca\/International\/wp-json\/wp\/v2\/categories?post=139780"},{"taxonomy":"post_tag","embeddable":true,"href":"https:\/\/linitiative.ca\/International\/wp-json\/wp\/v2\/tags?post=139780"}],"curies":[{"name":"wp","href":"https:\/\/api.w.org\/{rel}","templated":true}]}}