{"id":139783,"date":"2022-01-30T09:22:49","date_gmt":"2022-01-30T14:22:49","guid":{"rendered":"https:\/\/linitiative.ca\/International\/les-comores-selevent-contre-les-sanctions-de-la-caf\/"},"modified":"2022-01-30T09:22:49","modified_gmt":"2022-01-30T14:22:49","slug":"les-comores-selevent-contre-les-sanctions-de-la-caf","status":"publish","type":"post","link":"https:\/\/linitiative.ca\/International\/les-comores-selevent-contre-les-sanctions-de-la-caf\/","title":{"rendered":"Les Comores s\u2019\u00e9l\u00e8vent contre les sanctions de la CAF"},"content":{"rendered":"<div>\n<p><strong>La F\u00e9d\u00e9ration comorienne de football a vivement protest\u00e9 vendredi contre la Conf\u00e9d\u00e9ration africaine de football (CAF), qui lui a inflig\u00e9 des sanctions et amendes pour divers comportements jug\u00e9s irresponsables \u00e0 l\u2019occasion de la 33\u00e8 Coupe d\u2019Afrique des nations (CAN) qui se d\u00e9roule au Cameroun.<\/strong><\/p>\n<p>Tout en soulignant que ces sanctions contribuent \u00e0 \u00ab\u00a0jeter un peu plus la suspicion sur le traitement injuste\u00a0\u00bb subi par sa d\u00e9l\u00e9gation, la f\u00e9d\u00e9ration comorienne se dit dans communiqu\u00e9 \u00ab\u00a0r\u00e9solument engag\u00e9e \u00e0 pratiquer et d\u00e9fendre un football vecteur de plaisir, d\u2019espoir, d\u2019\u00e9quit\u00e9 et d\u2019opportunit\u00e9 pour toutes ses composantes\u00a0\u00bb.<\/p>\n<p>\u00ab\u00a0La CAF doit respecter et refl\u00e9ter l\u2019ensemble des nations, sans distinction ni discrimination, pour un football plus accessible et plus inclusif\u00a0\u00bb, note le communiqu\u00e9, rendu public apr\u00e8s les sanctions impos\u00e9es apr\u00e8s le match des huiti\u00e8mes de finale ayant oppos\u00e9 les Comores au pays organisateur le Cameroun (1-2).<\/p>\n<p>L\u2019instance conf\u00e9d\u00e9rale a reproch\u00e9 \u00e0 la d\u00e9l\u00e9gation comorienne le non-respect du protocole COVID-19 et des num\u00e9ros de maillots d\u00e9j\u00e0 enregistr\u00e9s sur son syst\u00e8me informatique, mais aussi un retard caus\u00e9 par ses joueurs pour le d\u00e9but du match du 24 janvier contre le Cameroun, pour lequel il \u00e9tait impact\u00e9 par 12 cas de COVID-19, y compris les gardiens rempla\u00e7ants et l\u2019absence du titulaire, bless\u00e9 et qui a \u00e9t\u00e9 remplac\u00e9 par un joueur de champ, dont le dossard a \u00e9t\u00e9 rafistol\u00e9 au scotch.<\/p>\n<p>Quant \u00e0 l\u2019entra\u00eeneur des gardiens de but, Jean-Daniel No\u00ebl Patrice Padovani, il est suspendu pour les trois prochains matches avec la s\u00e9lection pour son \u00ab\u00a0comportement irrespectueux\u00a0\u00bb.<\/p>\n<p>L\u2019\u00e9quipe des Comores a quitt\u00e9 la CAN au stade des huiti\u00e8mes de finale, apr\u00e8s un premier tour marqu\u00e9 par une victoire face au Ghana (3-2), et deux d\u00e9faites devant le Gabon (0-1) et contre le Maroc (0-2).<\/p>\n<p>L\u2019article <a rel=\"nofollow\" href=\"http:\/\/albayane.press.ma\/les-comores-selevent-contre-les-sanctions-de-la-caf.html\">Les Comores s\u2019\u00e9l\u00e8vent contre les sanctions de la CAF<\/a> est apparu en premier sur <a rel=\"nofollow\" href=\"http:\/\/albayane.press.ma\/\">ALBAYANE<\/a>.<\/p>\n<\/div>\n<p>Auteur: M&rsquo;hammed rahal<br \/>\n<a href=\"http:\/\/albayane.press.ma\/les-comores-selevent-contre-les-sanctions-de-la-caf.html\">Cliquez ici pour lire l&rsquo;article depuis sa source.<\/a><\/p>\n","protected":false},"excerpt":{"rendered":"<p>La F\u00e9d\u00e9ration comorienne de football a vivement protest\u00e9 vendredi contre la Conf\u00e9d\u00e9ration africaine de football (CAF), qui lui a inflig\u00e9 des sanctions et amendes pour divers comportements jug\u00e9s irresponsables \u00e0 l\u2019occasion de la 33\u00e8 Coupe d\u2019Afrique des nations (CAN) qui se d\u00e9roule au Cameroun. Tout en soulignant que ces sanctions contribuent \u00e0 \u00ab\u00a0jeter un peu [&hellip;]<\/p>\n","protected":false},"author":1760,"featured_media":0,"comment_status":"closed","ping_status":"closed","sticky":false,"template":"","format":"standard","meta":{"fifu_image_url":"","fifu_image_alt":"","footnotes":""},"categories":[73,54],"tags":[],"class_list":["post-139783","post","type-post","status-publish","format-standard","hentry","category-actualite","category-maroc"],"_links":{"self":[{"href":"https:\/\/linitiative.ca\/International\/wp-json\/wp\/v2\/posts\/139783","targetHints":{"allow":["GET"]}}],"collection":[{"href":"https:\/\/linitiative.ca\/International\/wp-json\/wp\/v2\/posts"}],"about":[{"href":"https:\/\/linitiative.ca\/International\/wp-json\/wp\/v2\/types\/post"}],"author":[{"embeddable":true,"href":"https:\/\/linitiative.ca\/International\/wp-json\/wp\/v2\/users\/1760"}],"replies":[{"embeddable":true,"href":"https:\/\/linitiative.ca\/International\/wp-json\/wp\/v2\/comments?post=139783"}],"version-history":[{"count":0,"href":"https:\/\/linitiative.ca\/International\/wp-json\/wp\/v2\/posts\/139783\/revisions"}],"wp:attachment":[{"href":"https:\/\/linitiative.ca\/International\/wp-json\/wp\/v2\/media?parent=139783"}],"wp:term":[{"taxonomy":"category","embeddable":true,"href":"https:\/\/linitiative.ca\/International\/wp-json\/wp\/v2\/categories?post=139783"},{"taxonomy":"post_tag","embeddable":true,"href":"https:\/\/linitiative.ca\/International\/wp-json\/wp\/v2\/tags?post=139783"}],"curies":[{"name":"wp","href":"https:\/\/api.w.org\/{rel}","templated":true}]}}