{"id":13979,"date":"2019-02-13T19:18:03","date_gmt":"2019-02-14T00:18:03","guid":{"rendered":"https:\/\/linitiative.ca\/International\/hausse-du-chiffre-daffaires-de-camair-co\/"},"modified":"2019-02-13T19:18:03","modified_gmt":"2019-02-14T00:18:03","slug":"hausse-du-chiffre-daffaires-de-camair-co","status":"publish","type":"post","link":"https:\/\/linitiative.ca\/International\/hausse-du-chiffre-daffaires-de-camair-co\/","title":{"rendered":"Hausse du chiffre d\u2019affaires de CAMAIR-CO"},"content":{"rendered":"<div readability=\"32\">\n<p>Publi\u00e9 le 14.02.2019 \u00e0 01h18 par APA News<\/p>\n<\/div>\n<div readability=\"73\">\n<p>La Compagnie nationale de transport a\u00e9rien du Cameroun (CAMAIR-CO) a annonc\u00e9 mercredi par voie de rapport avoir r\u00e9alis\u00e9 un chiffre d\u2019affaires de 26,6 milliards de francs CFA au cours de l\u2019ann\u00e9e 2018.Des activit\u00e9s qui ont engendr\u00e9 une hausse de 10 milliards de francs CFA par rapport \u00e0 l\u2019ann\u00e9e pr\u00e9c\u00e9dente o\u00f9 cette entreprise avait r\u00e9alis\u00e9 un chiffre d\u2019affaires de 16,4 milliards de francs CFA.<\/p>\n<p>Sur la base de ce rapport d\u2019activit\u00e9, il ressort que le chiffre d\u2019affaires est pass\u00e9 de 5 milliards de francs CFA de 2016 \u00e0 26,6 milliards de francs CFA en l\u2019espace de deux ans, une hausse selon le directeur g\u00e9n\u00e9ral de CAMAIR-CO Ernest Dikoum qui s\u2019explique par une \u00ab meilleure rationalisation \u00bb des ressources.<\/p>\n<p>Il s\u2019agit notamment de la mise en place d\u2019un plan d\u2019exploitation mettant un accent sur la desserte nationale, puisque huit des dix r\u00e9gions du pays sont desservies, puis, l\u2019ouverture des lignes dans la r\u00e9gion Afrique centrale et de l\u2019Ouest.<\/p>\n<p>Toutefois, explique la compagnie, le d\u00e9but d\u2019ann\u00e9e 2019 est plut\u00f4t difficile, car la CAMAIR-CO qui dispose d\u2019une flotte de six avions a vu trois d\u2019entre eux \u00eatre immobilis\u00e9s pour des raisons techniques.<\/p>\n<p><ins data-revive-zoneid=\"9\" data-revive-id=\"10111e19d28d19d031742ee3b0b33eb0\"\/> <\/p>\n<p>Cons\u00e9quence, \u00a0les revenus engrang\u00e9s au mois de janvier \u00a0s\u2019\u00e9l\u00e8vent \u00e0 1,4 milliard de francs CFA contre une moyenne mensuelle de 2,4 milliards de francs CFA enregistr\u00e9e tout au long de l\u2019ann\u00e9e 2018.<\/p>\n<p>L\u2019entreprise \u00a0entend mobiliser enveloppe de 2,5 milliards de francs CFA pour sortir de cette zone de turbulences, en mettant en service trois avions de location, en attendant la remise en \u00e9tat des a\u00e9ronefs en panne<\/p>\n<\/div>\n<p>Auteur: APA News<br \/>\n<a href=\"https:\/\/www.journalducameroun.com\/hausse-du-chiffre-daffaires-de-camair-co\/\">Cliquez ici pour lire l&rsquo;article depuis sa source.<\/a><\/p>\n","protected":false},"excerpt":{"rendered":"<p>Publi\u00e9 le 14.02.2019 \u00e0 01h18 par APA News La Compagnie nationale de transport a\u00e9rien du Cameroun (CAMAIR-CO) a annonc\u00e9 mercredi par voie de rapport avoir r\u00e9alis\u00e9 un chiffre d\u2019affaires de 26,6 milliards de francs CFA au cours de l\u2019ann\u00e9e 2018.Des activit\u00e9s qui ont engendr\u00e9 une hausse de 10 milliards de francs CFA par rapport \u00e0 [&hellip;]<\/p>\n","protected":false},"author":1965,"featured_media":0,"comment_status":"closed","ping_status":"closed","sticky":false,"template":"","format":"standard","meta":{"fifu_image_url":"","fifu_image_alt":"","footnotes":""},"categories":[73,82],"tags":[],"class_list":["post-13979","post","type-post","status-publish","format-standard","hentry","category-actualite","category-cameroun"],"_links":{"self":[{"href":"https:\/\/linitiative.ca\/International\/wp-json\/wp\/v2\/posts\/13979","targetHints":{"allow":["GET"]}}],"collection":[{"href":"https:\/\/linitiative.ca\/International\/wp-json\/wp\/v2\/posts"}],"about":[{"href":"https:\/\/linitiative.ca\/International\/wp-json\/wp\/v2\/types\/post"}],"author":[{"embeddable":true,"href":"https:\/\/linitiative.ca\/International\/wp-json\/wp\/v2\/users\/1965"}],"replies":[{"embeddable":true,"href":"https:\/\/linitiative.ca\/International\/wp-json\/wp\/v2\/comments?post=13979"}],"version-history":[{"count":0,"href":"https:\/\/linitiative.ca\/International\/wp-json\/wp\/v2\/posts\/13979\/revisions"}],"wp:attachment":[{"href":"https:\/\/linitiative.ca\/International\/wp-json\/wp\/v2\/media?parent=13979"}],"wp:term":[{"taxonomy":"category","embeddable":true,"href":"https:\/\/linitiative.ca\/International\/wp-json\/wp\/v2\/categories?post=13979"},{"taxonomy":"post_tag","embeddable":true,"href":"https:\/\/linitiative.ca\/International\/wp-json\/wp\/v2\/tags?post=13979"}],"curies":[{"name":"wp","href":"https:\/\/api.w.org\/{rel}","templated":true}]}}