{"id":139793,"date":"2022-01-30T07:06:51","date_gmt":"2022-01-30T12:06:51","guid":{"rendered":"https:\/\/linitiative.ca\/International\/m-abdelaziz-darouich-nouveau-president-de-lampcpp\/"},"modified":"2022-01-30T07:06:51","modified_gmt":"2022-01-30T12:06:51","slug":"m-abdelaziz-darouich-nouveau-president-de-lampcpp","status":"publish","type":"post","link":"https:\/\/linitiative.ca\/International\/m-abdelaziz-darouich-nouveau-president-de-lampcpp\/","title":{"rendered":"M. Abdelaziz Darouich, nouveau pr\u00e9sident de l\u2019AMPCPP"},"content":{"rendered":"<div>\n<div style=\"margin-bottom:20px;\"><img loading=\"lazy\" decoding=\"async\" width=\"750\" height=\"430\" src=\"https:\/\/linitiative.ca\/International\/wp-content\/uploads\/sites\/23\/2022\/01\/Abdelaziz-Darouich-copier.jpg\" class=\"attachment-post-thumbnail size-post-thumbnail wp-post-image\" alt=\"\" srcset=\"https:\/\/linitiative.ca\/International\/wp-content\/uploads\/sites\/23\/2022\/01\/Abdelaziz-Darouich-copier.jpg 750w, https:\/\/www.mapmarrakech.ma\/map\/uploads\/2022\/01\/Abdelaziz-Darouich-copier-300x172.jpg 300w\" sizes=\"auto, (max-width: 750px) 100vw, 750px\"><\/div>\n<p>Seul candidat \u00e0 ce poste, M. Darouich a \u00e9t\u00e9 \u00e9lu \u00e0 l\u2019unanimit\u00e9 des membres pr\u00e9sents de ladite Association \u00e0 l\u2019occasion de la tenue, \u00e0 huis clos, de son Assembl\u00e9e G\u00e9n\u00e9rale Ordinaire (AGO) et qui a \u00e9t\u00e9 marqu\u00e9e notamment, par la d\u00e9mission des membres du pr\u00e9c\u00e9dent bureau.<\/p>\n<p>\u00ab\u00a0Nous ouvrerons \u00e0 poursuivre les chantiers initi\u00e9s par le pr\u00e9c\u00e9dent bureau, \u00e0 am\u00e9liorer les lois et \u00e0 surmonter tous les obstacles et probl\u00e8mes administratifs, notamment ceux relatifs \u00e0 l\u2019aspect budg\u00e9taire\u00a0\u00bb, a soulign\u00e9 M. Darouich dans une d\u00e9claration \u00e0 la presse au marge de son \u00e9lection.<\/p>\n<p>Il a, par ailleurs, soulign\u00e9 l\u2019importance de la pr\u00e9sence \u00e9quilibr\u00e9e de l\u2019Association au sein des organisations internationales, afin de jouer son r\u00f4le de diplomatie parall\u00e8le, qui figure parmi les indicateurs de l\u2019\u00e9volution d\u00e9mocratique que conna\u00eet le Royaume.<\/p>\n<p>L\u2019Assembl\u00e9e G\u00e9n\u00e9rale Ordinaire de l\u2019AMPCPP a \u00e9t\u00e9 \u00e9galement marqu\u00e9e par la pr\u00e9sentation des rapports moraux et financiers au titre des ann\u00e9es 2019, 2020 et 2021, leur approbation \u00e0 l\u2019unanimit\u00e9, et l\u2019examen de l\u2019amendement du statut de l\u2019Association, ainsi que le renouvellement de ses structures dirigeantes.<\/p>\n<p>Les rapports moraux, qui ont abord\u00e9 les activit\u00e9s les plus marquantes men\u00e9es par l\u2019Association depuis sa cr\u00e9ation le 28 janvier 2019, \u00e0 commencer par l\u2019\u00e9tablissement de son si\u00e8ge et la mise en place de ses structures, ont rappel\u00e9 les \u00e9tapes auxquelles elle a particip\u00e9, que ce soit au niveau national en tant qu\u2019interlocuteur du minist\u00e8re de l\u2019Int\u00e9rieur et de diverses institutions publiques, ou au niveau de sa participation \u00e0 une s\u00e9rie de conf\u00e9rences et s\u00e9minaires internationaux.<\/p>\n<p>En ce qui concerne les rapports financiers, une pr\u00e9sentation d\u00e9taill\u00e9e a \u00e9t\u00e9 faite sur le budget de l\u2019Association (ressources et d\u00e9penses).<\/p>\n<p>L\u2019Association Marocaine des Pr\u00e9sidents des Conseils des Pr\u00e9fectures et des Provinces est une instance qui a \u00e9t\u00e9 fond\u00e9e dans le cadre des dispositions du Dahir Royal N\u00b0 1.86.376, du 15 novembre 1958, tel que modifi\u00e9 et compl\u00e9t\u00e9 en mati\u00e8re de libert\u00e9s publiques. Ses membres sont les Pr\u00e9sidents des Conseils des Pr\u00e9fectures et des Provinces du Maroc.<\/p>\n<p>En coordination avec les diff\u00e9rentes composantes du cadre institutionnel de la d\u00e9centralisation administrative au Maroc, l\u2019AMPCPP \u0153uvre pour servir de plate-forme repr\u00e9sentant les pr\u00e9fectures et les provinces et faciliter les rencontres et les \u00e9changes entre elles.<\/p>\n<p>Elle sert \u00e9galement d\u2019interlocuteur de l\u2019ensemble des acteurs du d\u00e9veloppement territorial au Maroc, ainsi que des partenaires nationaux et internationaux dans la perspective de promouvoir le d\u00e9veloppement territorial et la bonne gouvernance locale.<\/p>\n<p>The post <a rel=\"nofollow\" href=\"https:\/\/www.mapmarrakech.ma\/fr\/m-abdelaziz-darouich-nouveau-president-de-lampcpp\/\">M. Abdelaziz Darouich, nouveau pr\u00e9sident de l\u2019AMPCPP<\/a> appeared first on <a rel=\"nofollow\" href=\"https:\/\/www.mapmarrakech.ma\/fr\">MapMarrakech<\/a>.<\/p>\n<\/div>\n<p>Auteur: Meriem IGASS<br \/>\n<a href=\"https:\/\/www.mapmarrakech.ma\/fr\/m-abdelaziz-darouich-nouveau-president-de-lampcpp\/\">Cliquez ici pour lire l&rsquo;article depuis sa source.<\/a><\/p>\n","protected":false},"excerpt":{"rendered":"<p>Seul candidat \u00e0 ce poste, M. Darouich a \u00e9t\u00e9 \u00e9lu \u00e0 l\u2019unanimit\u00e9 des membres pr\u00e9sents de ladite Association \u00e0 l\u2019occasion de la tenue, \u00e0 huis clos, de son Assembl\u00e9e G\u00e9n\u00e9rale Ordinaire (AGO) et qui a \u00e9t\u00e9 marqu\u00e9e notamment, par la d\u00e9mission des membres du pr\u00e9c\u00e9dent bureau. \u00ab\u00a0Nous ouvrerons \u00e0 poursuivre les chantiers initi\u00e9s par le [&hellip;]<\/p>\n","protected":false},"author":1788,"featured_media":0,"comment_status":"closed","ping_status":"closed","sticky":false,"template":"","format":"standard","meta":{"fifu_image_url":"https:\/\/www.mapmarrakech.ma\/map\/uploads\/2022\/01\/Abdelaziz-Darouich-copier.jpg","fifu_image_alt":"M. Abdelaziz Darouich, nouveau pr\u00e9sident de l\u2019AMPCPP","footnotes":""},"categories":[54,76],"tags":[],"class_list":["post-139793","post","type-post","status-publish","format-standard","hentry","category-maroc","category-regions"],"_links":{"self":[{"href":"https:\/\/linitiative.ca\/International\/wp-json\/wp\/v2\/posts\/139793","targetHints":{"allow":["GET"]}}],"collection":[{"href":"https:\/\/linitiative.ca\/International\/wp-json\/wp\/v2\/posts"}],"about":[{"href":"https:\/\/linitiative.ca\/International\/wp-json\/wp\/v2\/types\/post"}],"author":[{"embeddable":true,"href":"https:\/\/linitiative.ca\/International\/wp-json\/wp\/v2\/users\/1788"}],"replies":[{"embeddable":true,"href":"https:\/\/linitiative.ca\/International\/wp-json\/wp\/v2\/comments?post=139793"}],"version-history":[{"count":0,"href":"https:\/\/linitiative.ca\/International\/wp-json\/wp\/v2\/posts\/139793\/revisions"}],"wp:attachment":[{"href":"https:\/\/linitiative.ca\/International\/wp-json\/wp\/v2\/media?parent=139793"}],"wp:term":[{"taxonomy":"category","embeddable":true,"href":"https:\/\/linitiative.ca\/International\/wp-json\/wp\/v2\/categories?post=139793"},{"taxonomy":"post_tag","embeddable":true,"href":"https:\/\/linitiative.ca\/International\/wp-json\/wp\/v2\/tags?post=139793"}],"curies":[{"name":"wp","href":"https:\/\/api.w.org\/{rel}","templated":true}]}}