{"id":139799,"date":"2022-01-30T11:53:00","date_gmt":"2022-01-30T16:53:00","guid":{"rendered":"https:\/\/linitiative.ca\/International\/greenwood-place-en-detention-et-suspendu-par-manchester-united\/"},"modified":"2022-01-30T11:53:00","modified_gmt":"2022-01-30T16:53:00","slug":"greenwood-place-en-detention-et-suspendu-par-manchester-united","status":"publish","type":"post","link":"https:\/\/linitiative.ca\/International\/greenwood-place-en-detention-et-suspendu-par-manchester-united\/","title":{"rendered":"Greenwood plac\u00e9 en d\u00e9tention et suspendu par Manchester United"},"content":{"rendered":"<div>Mason Greenwood a \u00e9t\u00e9 plac\u00e9 en d\u00e9tention apr\u00e8s les suspicions d&rsquo;agressions et de viols dont il fait l&rsquo;objet<\/div>\n<p>Auteur:<br \/>\n<a href=\"https:\/\/www.lebuteur.com\/article\/detail?titre=greenwood-place-en-detention-et-suspendu-par-manchester-united&#038;id=102191\">Cliquez ici pour lire l&rsquo;article depuis sa source.<\/a><\/p>\n","protected":false},"excerpt":{"rendered":"<p>Mason Greenwood a \u00e9t\u00e9 plac\u00e9 en d\u00e9tention apr\u00e8s les suspicions d&rsquo;agressions et de viols dont il fait l&rsquo;objet Auteur: Cliquez ici pour lire l&rsquo;article depuis sa source.<\/p>\n","protected":false},"author":1738,"featured_media":0,"comment_status":"closed","ping_status":"closed","sticky":false,"template":"","format":"standard","meta":{"fifu_image_url":"","fifu_image_alt":"","footnotes":""},"categories":[53,75],"tags":[],"class_list":["post-139799","post","type-post","status-publish","format-standard","hentry","category-algerie","category-sport"],"_links":{"self":[{"href":"https:\/\/linitiative.ca\/International\/wp-json\/wp\/v2\/posts\/139799","targetHints":{"allow":["GET"]}}],"collection":[{"href":"https:\/\/linitiative.ca\/International\/wp-json\/wp\/v2\/posts"}],"about":[{"href":"https:\/\/linitiative.ca\/International\/wp-json\/wp\/v2\/types\/post"}],"author":[{"embeddable":true,"href":"https:\/\/linitiative.ca\/International\/wp-json\/wp\/v2\/users\/1738"}],"replies":[{"embeddable":true,"href":"https:\/\/linitiative.ca\/International\/wp-json\/wp\/v2\/comments?post=139799"}],"version-history":[{"count":0,"href":"https:\/\/linitiative.ca\/International\/wp-json\/wp\/v2\/posts\/139799\/revisions"}],"wp:attachment":[{"href":"https:\/\/linitiative.ca\/International\/wp-json\/wp\/v2\/media?parent=139799"}],"wp:term":[{"taxonomy":"category","embeddable":true,"href":"https:\/\/linitiative.ca\/International\/wp-json\/wp\/v2\/categories?post=139799"},{"taxonomy":"post_tag","embeddable":true,"href":"https:\/\/linitiative.ca\/International\/wp-json\/wp\/v2\/tags?post=139799"}],"curies":[{"name":"wp","href":"https:\/\/api.w.org\/{rel}","templated":true}]}}