{"id":139804,"date":"2022-01-30T11:40:00","date_gmt":"2022-01-30T16:40:00","guid":{"rendered":"https:\/\/linitiative.ca\/International\/la-reserve-federale-americaine-confirme-son-hawkish-pivot\/"},"modified":"2022-01-30T11:40:00","modified_gmt":"2022-01-30T16:40:00","slug":"la-reserve-federale-americaine-confirme-son-hawkish-pivot","status":"publish","type":"post","link":"https:\/\/linitiative.ca\/International\/la-reserve-federale-americaine-confirme-son-hawkish-pivot\/","title":{"rendered":"La R\u00e9serve F\u00e9d\u00e9rale Am\u00e9ricaine confirme son \u00a0\u00bb Hawkish Pivot\u00a0\u00bb"},"content":{"rendered":"<div><img decoding=\"async\" src=\"https:\/\/linitiative.ca\/International\/wp-content\/uploads\/sites\/23\/2022\/01\/1643557217_article.jpg\" alt='La R\u00e9serve F\u00e9d\u00e9rale Am\u00e9ricaine confirme son \" Hawkish Pivot\"   ' align=\"left\">La R\u00e9serve F\u00e9d\u00e9rale Am\u00e9ricaine (Fed) continue de piloter l&rsquo;agenda \u00e9conomique, d\u00e9terminant la tendance des \u00e9volutions mon\u00e9taires \u00e0 l&rsquo;\u00e9chelle mondiale. En septembre 2021, apr\u00e8s plus d&rsquo;un an de mesures extraordinaires pour soutenir l&rsquo;\u00e9conomie suite au choc de la pand\u00e9mie, la Fed a officiellement annonc\u00e9 le d\u00e9but de son plan de \u00ab\u00a0normalisation\u00a0\u00bb de la politique mon\u00e9taire. \u00c0 l&rsquo;\u00e9poque, la Fed avait annonc\u00e9 une r\u00e9duction progressive de ses achats d&rsquo;actifs (autrement appel\u00e9s assouplissement quantitatif ou QE) \u00e0 hauteur de 120 milliards de dollars par mois. On s&rsquo;attendait \u00e0 ce que les achats nets d&rsquo;actifs de la Fed atteignent z\u00e9ro \u00e0 la mi-2022, achevant ainsi le processus de &#8230;<\/p>\n<\/div>\n<p>Auteur:<br \/>\n<a href=\"https:\/\/www.leaders.com.tn\/article\/32916-la-reserve-federale-americaine-confirme-son-hawkish-pivot\">Cliquez ici pour lire l&rsquo;article depuis sa source.<\/a><\/p>\n","protected":false},"excerpt":{"rendered":"<p>La R\u00e9serve F\u00e9d\u00e9rale Am\u00e9ricaine (Fed) continue de piloter l&rsquo;agenda \u00e9conomique, d\u00e9terminant la tendance des \u00e9volutions mon\u00e9taires \u00e0 l&rsquo;\u00e9chelle mondiale. En septembre 2021, apr\u00e8s plus d&rsquo;un an de mesures extraordinaires pour soutenir l&rsquo;\u00e9conomie suite au choc de la pand\u00e9mie, la Fed a officiellement annonc\u00e9 le d\u00e9but de son plan de \u00ab\u00a0normalisation\u00a0\u00bb de la politique mon\u00e9taire. \u00c0 [&hellip;]<\/p>\n","protected":false},"author":1772,"featured_media":0,"comment_status":"closed","ping_status":"closed","sticky":false,"template":"","format":"standard","meta":{"fifu_image_url":"http:\/\/www.leaders.com.tn\/uploads\/content\/thumbnails_small\/1643557217_article.jpg","fifu_image_alt":"<div>La R\u00e9serve F\u00e9d\u00e9rale Am\u00e9ricaine confirme son \" Hawkish Pivot\"<\/div>","footnotes":""},"categories":[73,55],"tags":[],"class_list":["post-139804","post","type-post","status-publish","format-standard","hentry","category-actualite","category-tunisie"],"_links":{"self":[{"href":"https:\/\/linitiative.ca\/International\/wp-json\/wp\/v2\/posts\/139804","targetHints":{"allow":["GET"]}}],"collection":[{"href":"https:\/\/linitiative.ca\/International\/wp-json\/wp\/v2\/posts"}],"about":[{"href":"https:\/\/linitiative.ca\/International\/wp-json\/wp\/v2\/types\/post"}],"author":[{"embeddable":true,"href":"https:\/\/linitiative.ca\/International\/wp-json\/wp\/v2\/users\/1772"}],"replies":[{"embeddable":true,"href":"https:\/\/linitiative.ca\/International\/wp-json\/wp\/v2\/comments?post=139804"}],"version-history":[{"count":0,"href":"https:\/\/linitiative.ca\/International\/wp-json\/wp\/v2\/posts\/139804\/revisions"}],"wp:attachment":[{"href":"https:\/\/linitiative.ca\/International\/wp-json\/wp\/v2\/media?parent=139804"}],"wp:term":[{"taxonomy":"category","embeddable":true,"href":"https:\/\/linitiative.ca\/International\/wp-json\/wp\/v2\/categories?post=139804"},{"taxonomy":"post_tag","embeddable":true,"href":"https:\/\/linitiative.ca\/International\/wp-json\/wp\/v2\/tags?post=139804"}],"curies":[{"name":"wp","href":"https:\/\/api.w.org\/{rel}","templated":true}]}}