{"id":139808,"date":"2022-01-30T05:00:00","date_gmt":"2022-01-30T10:00:00","guid":{"rendered":"https:\/\/linitiative.ca\/International\/le-mjs-recrute\/"},"modified":"2022-01-30T05:00:00","modified_gmt":"2022-01-30T10:00:00","slug":"le-mjs-recrute","status":"publish","type":"post","link":"https:\/\/linitiative.ca\/International\/le-mjs-recrute\/","title":{"rendered":"Le MJS recrute"},"content":{"rendered":"<div>Le minist\u00e8re de la Jeunesse et des Sports lance une vaste op\u00e9ration de recrutement, plus de 400 cadres, en fait, en vue de renforcer la prise en charge des formations sp\u00e9cialis\u00e9es dans le secteur. Le MJS tient,<\/div>\n<p>Auteur:<br \/>\n<a href=\"https:\/\/www.lesoirdalgerie.com\/periscoop\/le-mjs-recrute-74512\">Cliquez ici pour lire l&rsquo;article depuis sa source.<\/a><\/p>\n","protected":false},"excerpt":{"rendered":"<p>Le minist\u00e8re de la Jeunesse et des Sports lance une vaste op\u00e9ration de recrutement, plus de 400 cadres, en fait, en vue de renforcer la prise en charge des formations sp\u00e9cialis\u00e9es dans le secteur. Le MJS tient, Auteur: Cliquez ici pour lire l&rsquo;article depuis sa source.<\/p>\n","protected":false},"author":1741,"featured_media":0,"comment_status":"closed","ping_status":"closed","sticky":false,"template":"","format":"standard","meta":{"fifu_image_url":"","fifu_image_alt":"","footnotes":""},"categories":[73,53],"tags":[],"class_list":["post-139808","post","type-post","status-publish","format-standard","hentry","category-actualite","category-algerie"],"_links":{"self":[{"href":"https:\/\/linitiative.ca\/International\/wp-json\/wp\/v2\/posts\/139808","targetHints":{"allow":["GET"]}}],"collection":[{"href":"https:\/\/linitiative.ca\/International\/wp-json\/wp\/v2\/posts"}],"about":[{"href":"https:\/\/linitiative.ca\/International\/wp-json\/wp\/v2\/types\/post"}],"author":[{"embeddable":true,"href":"https:\/\/linitiative.ca\/International\/wp-json\/wp\/v2\/users\/1741"}],"replies":[{"embeddable":true,"href":"https:\/\/linitiative.ca\/International\/wp-json\/wp\/v2\/comments?post=139808"}],"version-history":[{"count":0,"href":"https:\/\/linitiative.ca\/International\/wp-json\/wp\/v2\/posts\/139808\/revisions"}],"wp:attachment":[{"href":"https:\/\/linitiative.ca\/International\/wp-json\/wp\/v2\/media?parent=139808"}],"wp:term":[{"taxonomy":"category","embeddable":true,"href":"https:\/\/linitiative.ca\/International\/wp-json\/wp\/v2\/categories?post=139808"},{"taxonomy":"post_tag","embeddable":true,"href":"https:\/\/linitiative.ca\/International\/wp-json\/wp\/v2\/tags?post=139808"}],"curies":[{"name":"wp","href":"https:\/\/api.w.org\/{rel}","templated":true}]}}