{"id":139809,"date":"2022-01-30T05:00:00","date_gmt":"2022-01-30T10:00:00","guid":{"rendered":"https:\/\/linitiative.ca\/International\/formations-thematiques\/"},"modified":"2022-01-30T05:00:00","modified_gmt":"2022-01-30T10:00:00","slug":"formations-thematiques","status":"publish","type":"post","link":"https:\/\/linitiative.ca\/International\/formations-thematiques\/","title":{"rendered":"Formations th\u00e9matiques"},"content":{"rendered":"<div>Le minist\u00e8re de la Justice multiplie les formations au profit des magistrats au niveau de l\u2019Ecole sup\u00e9rieure de la magistrature de Kol\u00e9a. Ces formations, devenues p\u00e9riodiques, sont organis\u00e9es dans le cadre du Programme europ\u00e9en<\/div>\n<p>Auteur:<br \/>\n<a href=\"https:\/\/www.lesoirdalgerie.com\/periscoop\/formations-thematiques-74511\">Cliquez ici pour lire l&rsquo;article depuis sa source.<\/a><\/p>\n","protected":false},"excerpt":{"rendered":"<p>Le minist\u00e8re de la Justice multiplie les formations au profit des magistrats au niveau de l\u2019Ecole sup\u00e9rieure de la magistrature de Kol\u00e9a. Ces formations, devenues p\u00e9riodiques, sont organis\u00e9es dans le cadre du Programme europ\u00e9en Auteur: Cliquez ici pour lire l&rsquo;article depuis sa source.<\/p>\n","protected":false},"author":1741,"featured_media":0,"comment_status":"closed","ping_status":"closed","sticky":false,"template":"","format":"standard","meta":{"fifu_image_url":"","fifu_image_alt":"","footnotes":""},"categories":[73,53],"tags":[],"class_list":["post-139809","post","type-post","status-publish","format-standard","hentry","category-actualite","category-algerie"],"_links":{"self":[{"href":"https:\/\/linitiative.ca\/International\/wp-json\/wp\/v2\/posts\/139809","targetHints":{"allow":["GET"]}}],"collection":[{"href":"https:\/\/linitiative.ca\/International\/wp-json\/wp\/v2\/posts"}],"about":[{"href":"https:\/\/linitiative.ca\/International\/wp-json\/wp\/v2\/types\/post"}],"author":[{"embeddable":true,"href":"https:\/\/linitiative.ca\/International\/wp-json\/wp\/v2\/users\/1741"}],"replies":[{"embeddable":true,"href":"https:\/\/linitiative.ca\/International\/wp-json\/wp\/v2\/comments?post=139809"}],"version-history":[{"count":0,"href":"https:\/\/linitiative.ca\/International\/wp-json\/wp\/v2\/posts\/139809\/revisions"}],"wp:attachment":[{"href":"https:\/\/linitiative.ca\/International\/wp-json\/wp\/v2\/media?parent=139809"}],"wp:term":[{"taxonomy":"category","embeddable":true,"href":"https:\/\/linitiative.ca\/International\/wp-json\/wp\/v2\/categories?post=139809"},{"taxonomy":"post_tag","embeddable":true,"href":"https:\/\/linitiative.ca\/International\/wp-json\/wp\/v2\/tags?post=139809"}],"curies":[{"name":"wp","href":"https:\/\/api.w.org\/{rel}","templated":true}]}}