{"id":13981,"date":"2019-02-13T19:50:02","date_gmt":"2019-02-14T00:50:02","guid":{"rendered":"https:\/\/linitiative.ca\/International\/haiti-nouvelles-manifestations-violentes-un-mort\/"},"modified":"2019-02-13T19:50:02","modified_gmt":"2019-02-14T00:50:02","slug":"haiti-nouvelles-manifestations-violentes-un-mort","status":"publish","type":"post","link":"https:\/\/linitiative.ca\/International\/haiti-nouvelles-manifestations-violentes-un-mort\/","title":{"rendered":"Ha\u00efti: nouvelles manifestations violentes, un mort"},"content":{"rendered":"<div readability=\"32\">\n<p>Publi\u00e9 le 14.02.2019 \u00e0 01h50 par AFP<\/p>\n<\/div>\n<div readability=\"95\">\n<p>Des affrontements violents ont une nouvelle fois \u00e9clat\u00e9 mercredi \u00e0 Port-au-Prince entre la police et des manifestants, faisant au moins un mort, alors que les rues des principales villes d\u2019Ha\u00efti sont investies depuis pr\u00e8s d\u2019une semaine par des protestataires qui contestent le pouvoir en place.<\/p>\n<p>Un jeune homme a \u00e9t\u00e9 tu\u00e9 dans l\u2019apr\u00e8s-midi, selon les observations d\u2019un journaliste de l\u2019AFP, \u00e0 quelques dizaines de m\u00e8tres des bureaux de la pr\u00e9sidence dont l\u2019acc\u00e8s \u00e9tait bloqu\u00e9 par les forces de l\u2019ordre \u00e0 grand renfort de gaz lacrymog\u00e8ne.<\/p>\n<p>Au moins sept personnes ont ainsi trouv\u00e9 la mort depuis le d\u00e9but du soul\u00e8vement jeudi.<\/p>\n<p>Un journaliste ha\u00eftien a \u00e9t\u00e9 bless\u00e9 par balle \u00e0 l\u2019avant-bras dans une rue du centre-ville de la capitale lors d\u2019une fusillade entre des policiers et un groupe de manifestants, a constat\u00e9 une journaliste de l\u2019AFP.<\/p>\n<p>Les confrontations entre les forces de l\u2019ordre et les jeunes, majoritairement issus des quartiers populaires, ont \u00e9t\u00e9 violentes. A distance, les deux groupes se sont longuement envoy\u00e9s et relanc\u00e9s pierres et grenades lacrymog\u00e8nes.<\/p>\n<p>En p\u00e9riph\u00e9rie de la plus grande place d\u2019Ha\u00efti, o\u00f9 la foule a termin\u00e9 son parcours, quelques pillages ont \u00e9t\u00e9 r\u00e9alis\u00e9s dans les commerces environnants.<\/p>\n<p><ins data-revive-zoneid=\"9\" data-revive-id=\"10111e19d28d19d031742ee3b0b33eb0\"\/> <\/p>\n<p>\u00ab\u00a0C\u2019est une insurrection populaire: les Ha\u00eftiens occupent les rues donc il est clair que Jovenel (Mo\u00efse, le pr\u00e9sident NDLR) n\u2019a d\u2019autre choix que de remettre sa d\u00e9mission\u00a0\u00bb, a d\u00e9clar\u00e9 Proph\u00e8te Hilaire, un des protestataires, alors que le cort\u00e8ge d\u00e9filait encore dans un calme relatif \u00e0 travers la capitale.<\/p>\n<p>\u00ab\u00a0Un gouvernement qui ne peut pas donner de la nourriture et de l\u2019eau \u00e0 son peuple doit d\u00e9missionner mais il faut aussi que la bourgeoisie se d\u00e9cide \u00e0 ne plus accaparer toutes les richesses car nous, nous sommes plus nombreux du c\u00f4t\u00e9 des quartiers populaires\u00a0\u00bb, a averti le manifestant.<\/p>\n<p>Ha\u00efti est plong\u00e9e depuis le 7 f\u00e9vrier dans une crise politique profonde: les activit\u00e9s du pays sont paralys\u00e9es par des manifestations populaires dans les principales villes, souvent h\u00e9riss\u00e9es de barricades.<\/p>\n<p>Mardi, les 78 d\u00e9tenus d\u2019une prison d\u2019une petite ville du sud du pays se sont \u00e9vad\u00e9s, \u00e0 la faveur d\u2019une manifestation contre le pouvoir qui se d\u00e9roulait \u00e0 proximit\u00e9, selon les t\u00e9moins. Une enqu\u00eate doit d\u00e9terminer les circonstance exactes de cette \u00e9vasion spectaculaire.<\/p>\n<p>La col\u00e8re populaire se cristallise autour de la personne de Jovenel Mo\u00efse, au pouvoir depuis deux ans. Se voyant reprocher par les manifestants de ne pas avoir tenu ses promesses et d\u2019avoir contribu\u00e9 \u00e0 l\u2019aggravation de la pauvret\u00e9, le pr\u00e9sident ha\u00eftien reste mur\u00e9 dans le silence.<\/p>\n<\/div>\n<p>Auteur: AFP<br \/>\n<a href=\"https:\/\/www.journalducameroun.com\/haiti-nouvelles-manifestations-violentes-un-mort\/\">Cliquez ici pour lire l&rsquo;article depuis sa source.<\/a><\/p>\n","protected":false},"excerpt":{"rendered":"<p>Publi\u00e9 le 14.02.2019 \u00e0 01h50 par AFP Des affrontements violents ont une nouvelle fois \u00e9clat\u00e9 mercredi \u00e0 Port-au-Prince entre la police et des manifestants, faisant au moins un mort, alors que les rues des principales villes d\u2019Ha\u00efti sont investies depuis pr\u00e8s d\u2019une semaine par des protestataires qui contestent le pouvoir en place. Un jeune homme [&hellip;]<\/p>\n","protected":false},"author":1965,"featured_media":0,"comment_status":"closed","ping_status":"closed","sticky":false,"template":"","format":"standard","meta":{"fifu_image_url":"","fifu_image_alt":"","footnotes":""},"categories":[73,82],"tags":[],"class_list":["post-13981","post","type-post","status-publish","format-standard","hentry","category-actualite","category-cameroun"],"_links":{"self":[{"href":"https:\/\/linitiative.ca\/International\/wp-json\/wp\/v2\/posts\/13981","targetHints":{"allow":["GET"]}}],"collection":[{"href":"https:\/\/linitiative.ca\/International\/wp-json\/wp\/v2\/posts"}],"about":[{"href":"https:\/\/linitiative.ca\/International\/wp-json\/wp\/v2\/types\/post"}],"author":[{"embeddable":true,"href":"https:\/\/linitiative.ca\/International\/wp-json\/wp\/v2\/users\/1965"}],"replies":[{"embeddable":true,"href":"https:\/\/linitiative.ca\/International\/wp-json\/wp\/v2\/comments?post=13981"}],"version-history":[{"count":0,"href":"https:\/\/linitiative.ca\/International\/wp-json\/wp\/v2\/posts\/13981\/revisions"}],"wp:attachment":[{"href":"https:\/\/linitiative.ca\/International\/wp-json\/wp\/v2\/media?parent=13981"}],"wp:term":[{"taxonomy":"category","embeddable":true,"href":"https:\/\/linitiative.ca\/International\/wp-json\/wp\/v2\/categories?post=13981"},{"taxonomy":"post_tag","embeddable":true,"href":"https:\/\/linitiative.ca\/International\/wp-json\/wp\/v2\/tags?post=13981"}],"curies":[{"name":"wp","href":"https:\/\/api.w.org\/{rel}","templated":true}]}}