{"id":139811,"date":"2022-01-30T06:33:50","date_gmt":"2022-01-30T11:33:50","guid":{"rendered":"https:\/\/linitiative.ca\/International\/le-maroc-va-rouvrir-son-consulat-en-libye-ferme-il-y-a-huit-ans\/"},"modified":"2022-01-30T06:33:50","modified_gmt":"2022-01-30T11:33:50","slug":"le-maroc-va-rouvrir-son-consulat-en-libye-ferme-il-y-a-huit-ans","status":"publish","type":"post","link":"https:\/\/linitiative.ca\/International\/le-maroc-va-rouvrir-son-consulat-en-libye-ferme-il-y-a-huit-ans\/","title":{"rendered":"Le Maroc va rouvrir son consulat en Libye ferm\u00e9 il y a huit ans"},"content":{"rendered":"<div><img decoding=\"async\" width=\"413\" height=\"249\" src=\"https:\/\/linitiative.ca\/International\/wp-content\/uploads\/sites\/23\/2022\/01\/BOURITA.png\" class=\"attachment-post-thumbnail size-post-thumbnail wp-post-image\" alt=\"\" loading=\"lazy\" srcset=\"https:\/\/linitiative.ca\/International\/wp-content\/uploads\/sites\/23\/2022\/01\/BOURITA.png 413w, https:\/\/www.challenge.ma\/wp-content\/uploads\/2022\/01\/BOURITA-300x181.png 300w, https:\/\/www.challenge.ma\/wp-content\/uploads\/2022\/01\/BOURITA-360x217.png 360w\" sizes=\"auto, (max-width: 413px) 100vw, 413px\" itemprop=\"image\">Une d\u00e9l\u00e9gation officielle marocaine est arriv\u00e9e hier samedi 29 janvier \u00e0 Tripoli pour pr\u00e9parer la r\u00e9ouverture du consulat du Maroc en Libye apr\u00e8s une fermeture de huit ans, a annonc\u00e9 le minist\u00e8re libyen des Affaires \u00e9trang\u00e8res. Le minist\u00e8re libyen des Affaires \u00e9trang\u00e8res a annonc\u00e9 l\u2019arriv\u00e9e hier samedi 29 janvier d\u2019une<\/div>\n<p>Auteur: challenge<br \/>\n<a href=\"https:\/\/www.challenge.ma\/le-maroc-va-rouvrir-son-consulat-en-libye-ferme-il-y-a-huit-ans-231653\/\">Cliquez ici pour lire l&rsquo;article depuis sa source.<\/a><\/p>\n","protected":false},"excerpt":{"rendered":"<p>Une d\u00e9l\u00e9gation officielle marocaine est arriv\u00e9e hier samedi 29 janvier \u00e0 Tripoli pour pr\u00e9parer la r\u00e9ouverture du consulat du Maroc en Libye apr\u00e8s une fermeture de huit ans, a annonc\u00e9 le minist\u00e8re libyen des Affaires \u00e9trang\u00e8res. Le minist\u00e8re libyen des Affaires \u00e9trang\u00e8res a annonc\u00e9 l\u2019arriv\u00e9e hier samedi 29 janvier d\u2019une Auteur: challenge Cliquez ici pour [&hellip;]<\/p>\n","protected":false},"author":1787,"featured_media":0,"comment_status":"closed","ping_status":"closed","sticky":false,"template":"","format":"standard","meta":{"fifu_image_url":"https:\/\/www.challenge.ma\/wp-content\/uploads\/2022\/01\/BOURITA.png","fifu_image_alt":"Le Maroc va rouvrir son consulat en Libye ferm\u00e9 il y a huit ans","footnotes":""},"categories":[78,54],"tags":[],"class_list":["post-139811","post","type-post","status-publish","format-standard","hentry","category-economie","category-maroc"],"_links":{"self":[{"href":"https:\/\/linitiative.ca\/International\/wp-json\/wp\/v2\/posts\/139811","targetHints":{"allow":["GET"]}}],"collection":[{"href":"https:\/\/linitiative.ca\/International\/wp-json\/wp\/v2\/posts"}],"about":[{"href":"https:\/\/linitiative.ca\/International\/wp-json\/wp\/v2\/types\/post"}],"author":[{"embeddable":true,"href":"https:\/\/linitiative.ca\/International\/wp-json\/wp\/v2\/users\/1787"}],"replies":[{"embeddable":true,"href":"https:\/\/linitiative.ca\/International\/wp-json\/wp\/v2\/comments?post=139811"}],"version-history":[{"count":0,"href":"https:\/\/linitiative.ca\/International\/wp-json\/wp\/v2\/posts\/139811\/revisions"}],"wp:attachment":[{"href":"https:\/\/linitiative.ca\/International\/wp-json\/wp\/v2\/media?parent=139811"}],"wp:term":[{"taxonomy":"category","embeddable":true,"href":"https:\/\/linitiative.ca\/International\/wp-json\/wp\/v2\/categories?post=139811"},{"taxonomy":"post_tag","embeddable":true,"href":"https:\/\/linitiative.ca\/International\/wp-json\/wp\/v2\/tags?post=139811"}],"curies":[{"name":"wp","href":"https:\/\/api.w.org\/{rel}","templated":true}]}}