{"id":139813,"date":"2022-01-30T07:41:23","date_gmt":"2022-01-30T12:41:23","guid":{"rendered":"https:\/\/linitiative.ca\/International\/reouverture-des-frontieres-ce-que-lon-sait-des-conditions-dacces-au-maroc\/"},"modified":"2022-01-30T07:41:23","modified_gmt":"2022-01-30T12:41:23","slug":"reouverture-des-frontieres-ce-que-lon-sait-des-conditions-dacces-au-maroc","status":"publish","type":"post","link":"https:\/\/linitiative.ca\/International\/reouverture-des-frontieres-ce-que-lon-sait-des-conditions-dacces-au-maroc\/","title":{"rendered":"R\u00e9ouverture des fronti\u00e8res. Ce que l\u2019on sait des conditions d\u2019acc\u00e8s au Maroc"},"content":{"rendered":"<div><img decoding=\"async\" width=\"696\" height=\"522\" src=\"https:\/\/linitiative.ca\/International\/wp-content\/uploads\/sites\/23\/2022\/01\/TEST.jpg\" class=\"attachment-post-thumbnail size-post-thumbnail wp-post-image\" alt=\"\" loading=\"lazy\" srcset=\"https:\/\/linitiative.ca\/International\/wp-content\/uploads\/sites\/23\/2022\/01\/TEST.jpg 696w, https:\/\/www.challenge.ma\/wp-content\/uploads\/2022\/01\/TEST-300x225.jpg 300w, https:\/\/www.challenge.ma\/wp-content\/uploads\/2022\/01\/TEST-360x270.jpg 360w\" sizes=\"auto, (max-width: 696px) 100vw, 696px\" itemprop=\"image\">Le Maroc pr\u00e9pare le retour des touristes \u00e9trangers. Le Royaume a annonc\u00e9 la r\u00e9ouverture de ses fronti\u00e8res a\u00e9riennes \u00e0 partir du 7 f\u00e9vrier 2022, apr\u00e8s deux mois de fermeture en raison de la flamb\u00e9e de Covid-19 et du variant Omicron. Le point sur les conditions d\u2019acc\u00e8s des voyageurs internationaux. L\u2019espoir<\/div>\n<p>Auteur: challenge<br \/>\n<a href=\"https:\/\/www.challenge.ma\/reouverture-des-frontieres-ce-que-lon-sait-des-conditions-dacces-au-maroc-231657\/\">Cliquez ici pour lire l&rsquo;article depuis sa source.<\/a><\/p>\n","protected":false},"excerpt":{"rendered":"<p>Le Maroc pr\u00e9pare le retour des touristes \u00e9trangers. Le Royaume a annonc\u00e9 la r\u00e9ouverture de ses fronti\u00e8res a\u00e9riennes \u00e0 partir du 7 f\u00e9vrier 2022, apr\u00e8s deux mois de fermeture en raison de la flamb\u00e9e de Covid-19 et du variant Omicron. Le point sur les conditions d\u2019acc\u00e8s des voyageurs internationaux. L\u2019espoir Auteur: challenge Cliquez ici pour [&hellip;]<\/p>\n","protected":false},"author":1787,"featured_media":0,"comment_status":"closed","ping_status":"closed","sticky":false,"template":"","format":"standard","meta":{"fifu_image_url":"https:\/\/www.challenge.ma\/wp-content\/uploads\/2022\/01\/TEST.jpg","fifu_image_alt":"R\u00e9ouverture des fronti\u00e8res. Ce que l\u2019on sait des conditions d\u2019acc\u00e8s au Maroc","footnotes":""},"categories":[78,54],"tags":[],"class_list":["post-139813","post","type-post","status-publish","format-standard","hentry","category-economie","category-maroc"],"_links":{"self":[{"href":"https:\/\/linitiative.ca\/International\/wp-json\/wp\/v2\/posts\/139813","targetHints":{"allow":["GET"]}}],"collection":[{"href":"https:\/\/linitiative.ca\/International\/wp-json\/wp\/v2\/posts"}],"about":[{"href":"https:\/\/linitiative.ca\/International\/wp-json\/wp\/v2\/types\/post"}],"author":[{"embeddable":true,"href":"https:\/\/linitiative.ca\/International\/wp-json\/wp\/v2\/users\/1787"}],"replies":[{"embeddable":true,"href":"https:\/\/linitiative.ca\/International\/wp-json\/wp\/v2\/comments?post=139813"}],"version-history":[{"count":0,"href":"https:\/\/linitiative.ca\/International\/wp-json\/wp\/v2\/posts\/139813\/revisions"}],"wp:attachment":[{"href":"https:\/\/linitiative.ca\/International\/wp-json\/wp\/v2\/media?parent=139813"}],"wp:term":[{"taxonomy":"category","embeddable":true,"href":"https:\/\/linitiative.ca\/International\/wp-json\/wp\/v2\/categories?post=139813"},{"taxonomy":"post_tag","embeddable":true,"href":"https:\/\/linitiative.ca\/International\/wp-json\/wp\/v2\/tags?post=139813"}],"curies":[{"name":"wp","href":"https:\/\/api.w.org\/{rel}","templated":true}]}}